{"id":18077,"date":"2022-03-15T16:02:51","date_gmt":"2022-03-15T20:02:51","guid":{"rendered":"https:\/\/unifa-edu.info\/contenu\/?p=18077"},"modified":"2023-06-16T19:02:04","modified_gmt":"2023-06-16T23:02:04","slug":"avis-de-deces-2","status":"publish","type":"post","link":"https:\/\/unifa-edu.info\/contenu\/2022\/03\/avis-de-deces-2\/","title":{"rendered":"Avis de d\u00e9c\u00e8s: Steeve Jean Denis"},"content":{"rendered":"<p>Le D\u00e9canat de la Facult\u00e9 des Sciences Juridiques et Politiques (FSJP) de l\u2019Universit\u00e9 de la Fondation Dr. Aristide a appris avec consternation la triste nouvelle du d\u00e9c\u00e8s de l\u2019\u00e9tudiant Steeve JEAN DENIS, survenu\u00a0le lundi 14 mars 2022\u00a0 \u00e0 la suite d\u2019une courte maladie.<\/p>\n<p>L\u2019\u00e9tudiant Steeve JEAN DENIS fait partie de la promotion 2017-2021, il aurait d\u00fb \u00eatre gradu\u00e9 le dimanche 13 mars dernier.<\/p>\n<p>Le d\u00e9canat de la FSJP pr\u00e9sente ses sinc\u00e8res condol\u00e9ances \u00e0 ses parents, \u00e0 ses amis et \u00e0 ses camarades de promotion.<\/p>\n<p>La date des fun\u00e9railles du tr\u00e8s regrett\u00e9 Steeve JEAN DENIS sera annonc\u00e9e ult\u00e9rieurement.<\/p>\n<p>&nbsp;<\/p>\n<p>Que son \u00e2me repose en paix.<\/p>\n","protected":false},"excerpt":{"rendered":"<p>Le D\u00e9canat de la Facult\u00e9 des Sciences Juridiques et Politiques (FSJP) de l\u2019Universit\u00e9 de la Fondation Dr. Aristide a appris avec consternation la triste nouvelle du d\u00e9c\u00e8s de l\u2019\u00e9tudiant Steeve JEAN DENIS, survenu\u00a0le lundi 14 mars 2022\u00a0 \u00e0 la suite d\u2019une courte maladie. L\u2019\u00e9tudiant Steeve JEAN DENIS fait partie de la promotion 2017-2021, il aurait lire &hellip; <a href=\"https:\/\/unifa-edu.info\/contenu\/2022\/03\/avis-de-deces-2\/\">Continue reading <span class=\"meta-nav\">&rarr;<\/span><\/a><\/p>\n","protected":false},"author":3830,"featured_media":0,"comment_status":"closed","ping_status":"closed","sticky":false,"template":"","format":"standard","meta":{"footnotes":""},"categories":[43,44],"tags":[],"class_list":["post-18077","post","type-post","status-publish","format-standard","hentry","category-avis","category-necrologie"],"yoast_head":"<!-- This site is optimized with the Yoast SEO plugin v27.5 - https:\/\/yoast.com\/product\/yoast-seo-wordpress\/ -->\n<title>Avis de d\u00e9c\u00e8s: Steeve Jean Denis - Universit\u00e9 de la Fondation Dr Aristide<\/title>\n<meta name=\"robots\" content=\"index, follow, max-snippet:-1, max-image-preview:large, max-video-preview:-1\" \/>\n<link rel=\"canonical\" href=\"https:\/\/unifa-edu.info\/contenu\/2022\/03\/avis-de-deces-2\/\" \/>\n<meta property=\"og:locale\" content=\"fr_FR\" \/>\n<meta property=\"og:type\" content=\"article\" \/>\n<meta property=\"og:title\" content=\"Avis de d\u00e9c\u00e8s: Steeve Jean Denis - Universit\u00e9 de la Fondation Dr Aristide\" \/>\n<meta property=\"og:description\" content=\"Le D\u00e9canat de la Facult\u00e9 des Sciences Juridiques et Politiques (FSJP) de l\u2019Universit\u00e9 de la Fondation Dr. Aristide a appris avec consternation la triste nouvelle du d\u00e9c\u00e8s de l\u2019\u00e9tudiant Steeve JEAN DENIS, survenu\u00a0le lundi 14 mars 2022\u00a0 \u00e0 la suite d\u2019une courte maladie. L\u2019\u00e9tudiant Steeve JEAN DENIS fait partie de la promotion 2017-2021, il aurait lire &hellip; Continue reading &rarr;\" \/>\n<meta property=\"og:url\" content=\"https:\/\/unifa-edu.info\/contenu\/2022\/03\/avis-de-deces-2\/\" \/>\n<meta property=\"og:site_name\" content=\"Universit\u00e9 de la Fondation Dr Aristide\" \/>\n<meta property=\"article:published_time\" content=\"2022-03-15T20:02:51+00:00\" \/>\n<meta property=\"article:modified_time\" content=\"2023-06-16T23:02:04+00:00\" \/>\n<meta name=\"author\" content=\"Kimarah B\u00e9limaire\" \/>\n<meta name=\"twitter:card\" content=\"summary_large_image\" \/>\n<meta name=\"twitter:label1\" content=\"\u00c9crit par\" \/>\n\t<meta name=\"twitter:data1\" content=\"Kimarah B\u00e9limaire\" \/>\n\t<meta name=\"twitter:label2\" content=\"Dur\u00e9e de lecture estim\u00e9e\" \/>\n\t<meta name=\"twitter:data2\" content=\"1 minute\" \/>\n<script type=\"application\/ld+json\" class=\"yoast-schema-graph\">{\"@context\":\"https:\\\/\\\/schema.org\",\"@graph\":[{\"@type\":\"Article\",\"@id\":\"https:\\\/\\\/unifa-edu.info\\\/contenu\\\/2022\\\/03\\\/avis-de-deces-2\\\/#article\",\"isPartOf\":{\"@id\":\"https:\\\/\\\/unifa-edu.info\\\/contenu\\\/2022\\\/03\\\/avis-de-deces-2\\\/\"},\"author\":{\"name\":\"Kimarah B\u00e9limaire\",\"@id\":\"https:\\\/\\\/unifa-edu.info\\\/contenu\\\/#\\\/schema\\\/person\\\/d2b9e0899b1ec1e5717fa830aba82a91\"},\"headline\":\"Avis de d\u00e9c\u00e8s: Steeve Jean Denis\",\"datePublished\":\"2022-03-15T20:02:51+00:00\",\"dateModified\":\"2023-06-16T23:02:04+00:00\",\"mainEntityOfPage\":{\"@id\":\"https:\\\/\\\/unifa-edu.info\\\/contenu\\\/2022\\\/03\\\/avis-de-deces-2\\\/\"},\"wordCount\":121,\"articleSection\":[\"Annonces et Avis\",\"N\u00e9crologie\"],\"inLanguage\":\"fr-FR\"},{\"@type\":\"WebPage\",\"@id\":\"https:\\\/\\\/unifa-edu.info\\\/contenu\\\/2022\\\/03\\\/avis-de-deces-2\\\/\",\"url\":\"https:\\\/\\\/unifa-edu.info\\\/contenu\\\/2022\\\/03\\\/avis-de-deces-2\\\/\",\"name\":\"Avis de d\u00e9c\u00e8s: Steeve Jean Denis - Universit\u00e9 de la Fondation Dr Aristide\",\"isPartOf\":{\"@id\":\"https:\\\/\\\/unifa-edu.info\\\/contenu\\\/#website\"},\"datePublished\":\"2022-03-15T20:02:51+00:00\",\"dateModified\":\"2023-06-16T23:02:04+00:00\",\"author\":{\"@id\":\"https:\\\/\\\/unifa-edu.info\\\/contenu\\\/#\\\/schema\\\/person\\\/d2b9e0899b1ec1e5717fa830aba82a91\"},\"breadcrumb\":{\"@id\":\"https:\\\/\\\/unifa-edu.info\\\/contenu\\\/2022\\\/03\\\/avis-de-deces-2\\\/#breadcrumb\"},\"inLanguage\":\"fr-FR\",\"potentialAction\":[{\"@type\":\"ReadAction\",\"target\":[\"https:\\\/\\\/unifa-edu.info\\\/contenu\\\/2022\\\/03\\\/avis-de-deces-2\\\/\"]}]},{\"@type\":\"BreadcrumbList\",\"@id\":\"https:\\\/\\\/unifa-edu.info\\\/contenu\\\/2022\\\/03\\\/avis-de-deces-2\\\/#breadcrumb\",\"itemListElement\":[{\"@type\":\"ListItem\",\"position\":1,\"name\":\"Accueil\",\"item\":\"https:\\\/\\\/unifa-edu.info\\\/contenu\\\/\"},{\"@type\":\"ListItem\",\"position\":2,\"name\":\"Avis de d\u00e9c\u00e8s: Steeve Jean Denis\"}]},{\"@type\":\"WebSite\",\"@id\":\"https:\\\/\\\/unifa-edu.info\\\/contenu\\\/#website\",\"url\":\"https:\\\/\\\/unifa-edu.info\\\/contenu\\\/\",\"name\":\"Universit\u00e9 de la Fondation Dr Aristide\",\"description\":\"\",\"potentialAction\":[{\"@type\":\"SearchAction\",\"target\":{\"@type\":\"EntryPoint\",\"urlTemplate\":\"https:\\\/\\\/unifa-edu.info\\\/contenu\\\/?s={search_term_string}\"},\"query-input\":{\"@type\":\"PropertyValueSpecification\",\"valueRequired\":true,\"valueName\":\"search_term_string\"}}],\"inLanguage\":\"fr-FR\"},{\"@type\":\"Person\",\"@id\":\"https:\\\/\\\/unifa-edu.info\\\/contenu\\\/#\\\/schema\\\/person\\\/d2b9e0899b1ec1e5717fa830aba82a91\",\"name\":\"Kimarah B\u00e9limaire\",\"url\":\"https:\\\/\\\/unifa-edu.info\\\/contenu\\\/author\\\/rdominique\\\/\"}]}<\/script>\n<!-- \/ Yoast SEO plugin. -->","yoast_head_json":{"title":"Avis de d\u00e9c\u00e8s: Steeve Jean Denis - Universit\u00e9 de la Fondation Dr Aristide","robots":{"index":"index","follow":"follow","max-snippet":"max-snippet:-1","max-image-preview":"max-image-preview:large","max-video-preview":"max-video-preview:-1"},"canonical":"https:\/\/unifa-edu.info\/contenu\/2022\/03\/avis-de-deces-2\/","og_locale":"fr_FR","og_type":"article","og_title":"Avis de d\u00e9c\u00e8s: Steeve Jean Denis - Universit\u00e9 de la Fondation Dr Aristide","og_description":"Le D\u00e9canat de la Facult\u00e9 des Sciences Juridiques et Politiques (FSJP) de l\u2019Universit\u00e9 de la Fondation Dr. Aristide a appris avec consternation la triste nouvelle du d\u00e9c\u00e8s de l\u2019\u00e9tudiant Steeve JEAN DENIS, survenu\u00a0le lundi 14 mars 2022\u00a0 \u00e0 la suite d\u2019une courte maladie. L\u2019\u00e9tudiant Steeve JEAN DENIS fait partie de la promotion 2017-2021, il aurait lire &hellip; Continue reading &rarr;","og_url":"https:\/\/unifa-edu.info\/contenu\/2022\/03\/avis-de-deces-2\/","og_site_name":"Universit\u00e9 de la Fondation Dr Aristide","article_published_time":"2022-03-15T20:02:51+00:00","article_modified_time":"2023-06-16T23:02:04+00:00","author":"Kimarah B\u00e9limaire","twitter_card":"summary_large_image","twitter_misc":{"\u00c9crit par":"Kimarah B\u00e9limaire","Dur\u00e9e de lecture estim\u00e9e":"1 minute"},"schema":{"@context":"https:\/\/schema.org","@graph":[{"@type":"Article","@id":"https:\/\/unifa-edu.info\/contenu\/2022\/03\/avis-de-deces-2\/#article","isPartOf":{"@id":"https:\/\/unifa-edu.info\/contenu\/2022\/03\/avis-de-deces-2\/"},"author":{"name":"Kimarah B\u00e9limaire","@id":"https:\/\/unifa-edu.info\/contenu\/#\/schema\/person\/d2b9e0899b1ec1e5717fa830aba82a91"},"headline":"Avis de d\u00e9c\u00e8s: Steeve Jean Denis","datePublished":"2022-03-15T20:02:51+00:00","dateModified":"2023-06-16T23:02:04+00:00","mainEntityOfPage":{"@id":"https:\/\/unifa-edu.info\/contenu\/2022\/03\/avis-de-deces-2\/"},"wordCount":121,"articleSection":["Annonces et Avis","N\u00e9crologie"],"inLanguage":"fr-FR"},{"@type":"WebPage","@id":"https:\/\/unifa-edu.info\/contenu\/2022\/03\/avis-de-deces-2\/","url":"https:\/\/unifa-edu.info\/contenu\/2022\/03\/avis-de-deces-2\/","name":"Avis de d\u00e9c\u00e8s: Steeve Jean Denis - Universit\u00e9 de la Fondation Dr Aristide","isPartOf":{"@id":"https:\/\/unifa-edu.info\/contenu\/#website"},"datePublished":"2022-03-15T20:02:51+00:00","dateModified":"2023-06-16T23:02:04+00:00","author":{"@id":"https:\/\/unifa-edu.info\/contenu\/#\/schema\/person\/d2b9e0899b1ec1e5717fa830aba82a91"},"breadcrumb":{"@id":"https:\/\/unifa-edu.info\/contenu\/2022\/03\/avis-de-deces-2\/#breadcrumb"},"inLanguage":"fr-FR","potentialAction":[{"@type":"ReadAction","target":["https:\/\/unifa-edu.info\/contenu\/2022\/03\/avis-de-deces-2\/"]}]},{"@type":"BreadcrumbList","@id":"https:\/\/unifa-edu.info\/contenu\/2022\/03\/avis-de-deces-2\/#breadcrumb","itemListElement":[{"@type":"ListItem","position":1,"name":"Accueil","item":"https:\/\/unifa-edu.info\/contenu\/"},{"@type":"ListItem","position":2,"name":"Avis de d\u00e9c\u00e8s: Steeve Jean Denis"}]},{"@type":"WebSite","@id":"https:\/\/unifa-edu.info\/contenu\/#website","url":"https:\/\/unifa-edu.info\/contenu\/","name":"Universit\u00e9 de la Fondation Dr Aristide","description":"","potentialAction":[{"@type":"SearchAction","target":{"@type":"EntryPoint","urlTemplate":"https:\/\/unifa-edu.info\/contenu\/?s={search_term_string}"},"query-input":{"@type":"PropertyValueSpecification","valueRequired":true,"valueName":"search_term_string"}}],"inLanguage":"fr-FR"},{"@type":"Person","@id":"https:\/\/unifa-edu.info\/contenu\/#\/schema\/person\/d2b9e0899b1ec1e5717fa830aba82a91","name":"Kimarah B\u00e9limaire","url":"https:\/\/unifa-edu.info\/contenu\/author\/rdominique\/"}]}},"_links":{"self":[{"href":"https:\/\/unifa-edu.info\/contenu\/wp-json\/wp\/v2\/posts\/18077","targetHints":{"allow":["GET"]}}],"collection":[{"href":"https:\/\/unifa-edu.info\/contenu\/wp-json\/wp\/v2\/posts"}],"about":[{"href":"https:\/\/unifa-edu.info\/contenu\/wp-json\/wp\/v2\/types\/post"}],"author":[{"embeddable":true,"href":"https:\/\/unifa-edu.info\/contenu\/wp-json\/wp\/v2\/users\/3830"}],"replies":[{"embeddable":true,"href":"https:\/\/unifa-edu.info\/contenu\/wp-json\/wp\/v2\/comments?post=18077"}],"version-history":[{"count":3,"href":"https:\/\/unifa-edu.info\/contenu\/wp-json\/wp\/v2\/posts\/18077\/revisions"}],"predecessor-version":[{"id":19114,"href":"https:\/\/unifa-edu.info\/contenu\/wp-json\/wp\/v2\/posts\/18077\/revisions\/19114"}],"wp:attachment":[{"href":"https:\/\/unifa-edu.info\/contenu\/wp-json\/wp\/v2\/media?parent=18077"}],"wp:term":[{"taxonomy":"category","embeddable":true,"href":"https:\/\/unifa-edu.info\/contenu\/wp-json\/wp\/v2\/categories?post=18077"},{"taxonomy":"post_tag","embeddable":true,"href":"https:\/\/unifa-edu.info\/contenu\/wp-json\/wp\/v2\/tags?post=18077"}],"curies":[{"name":"wp","href":"https:\/\/api.w.org\/{rel}","templated":true}]}}