{"id":20014,"date":"2024-01-23T10:21:27","date_gmt":"2024-01-23T15:21:27","guid":{"rendered":"https:\/\/unifa-edu.info\/contenu\/?p=20014"},"modified":"2024-01-23T10:34:27","modified_gmt":"2024-01-23T15:34:27","slug":"20014","status":"publish","type":"post","link":"https:\/\/unifa-edu.info\/contenu\/2024\/01\/20014\/","title":{"rendered":""},"content":{"rendered":"<p><img fetchpriority=\"high\" decoding=\"async\" class=\"wp-image-20015 aligncenter\" src=\"https:\/\/unifa-edu.info\/contenu\/wp-content\/uploads\/2024\/01\/Augustin-Smyrne-S-251x300.jpg\" alt=\"\" width=\"208\" height=\"249\" srcset=\"https:\/\/unifa-edu.info\/contenu\/wp-content\/uploads\/2024\/01\/Augustin-Smyrne-S-251x300.jpg 251w, https:\/\/unifa-edu.info\/contenu\/wp-content\/uploads\/2024\/01\/Augustin-Smyrne-S.jpg 729w\" sizes=\"(max-width: 208px) 100vw, 208px\" \/><\/p>\n<p><strong>&#8220;\u00c9ducare sin exclusione&#8221;<\/strong>, voil\u00e0 la devise de l&#8217;UNIFA. Elle pr\u00f4ne une \u00e9ducation inclusive, englobant toutes les couches de la soci\u00e9t\u00e9 sans pr\u00e9jug\u00e9s. M\u00eame si ce n&#8217;est pas moi qui ai choisi cette institution, je suis heureuse de pouvoir affirmer que je suis \u00e9tudiante \u00e0 l&#8217;Universit\u00e9 de la Fondation Dr Aristide. Cette universit\u00e9 me donne la possibilit\u00e9 de concr\u00e9tiser mes r\u00eaves avec des comp\u00e9tences de tr\u00e8s haut niveau. Elle me permettra \u00e9galement de changer le cours des \u00e9v\u00e9nements dans ce pays en me fournissant les connaissances n\u00e9cessaires.<\/p>\n<p>Je m&#8217;engage \u00e0 repr\u00e9senter dignement mon universit\u00e9 et mon pays partout o\u00f9 je vais.<\/p>\n<p><strong>AUGUSTIN Smyrne Shammany,<\/strong> \u00e9tudiante en deuxi\u00e8me ann\u00e9e \u00e0 la Facult\u00e9 de M\u00e9decine.<\/p>\n<hr \/>\n<p><img decoding=\"async\" class=\"size-medium wp-image-20023 aligncenter\" src=\"https:\/\/unifa-edu.info\/contenu\/wp-content\/uploads\/2024\/01\/Christanly-Bonnange-225x300.jpg\" alt=\"\" width=\"225\" height=\"300\" srcset=\"https:\/\/unifa-edu.info\/contenu\/wp-content\/uploads\/2024\/01\/Christanly-Bonnange-225x300.jpg 225w, https:\/\/unifa-edu.info\/contenu\/wp-content\/uploads\/2024\/01\/Christanly-Bonnange-675x900.jpg 675w, https:\/\/unifa-edu.info\/contenu\/wp-content\/uploads\/2024\/01\/Christanly-Bonnange-768x1024.jpg 768w, https:\/\/unifa-edu.info\/contenu\/wp-content\/uploads\/2024\/01\/Christanly-Bonnange.jpg 960w\" sizes=\"(max-width: 225px) 100vw, 225px\" \/><\/p>\n<p>Mon nom est <strong>Christanly BONNANGE.<\/strong> Je suis actuellement en quatri\u00e8me ann\u00e9e \u00e0 la Facult\u00e9 des Sciences de la Nature et de l&#8217;Agriculture.<\/p>\n<p>Mon r\u00eave se transforme progressivement en r\u00e9alit\u00e9. Depuis mon enfance, je fantasmais toujours sur mes choix professionnels. Apr\u00e8s avoir achev\u00e9 mes \u00e9tudes classiques, l&#8217;UNIFA \u00e9tait l&#8217;endroit o\u00f9 je voulais poursuivre mes \u00e9tudes.<\/p>\n<p>Mon attachement \u00e0 mon domaine d&#8217;\u00e9tudes me pousse constamment \u00e0 redoubler d&#8217;efforts pour devenir une personne reconnue et utile \u00e0 ma communaut\u00e9. Je suis profond\u00e9ment attach\u00e9 \u00e0 Ha\u00efti. J&#8217;admire l&#8217;UNIFA, et m&#8217;engage pleinement \u00e0 apporter ma contribution non seulement pour l&#8217;avenir de mon universit\u00e9 mais aussi pour mon pays.<\/p>\n<hr \/>\n<p><img decoding=\"async\" class=\"size-medium wp-image-20022 aligncenter\" src=\"https:\/\/unifa-edu.info\/contenu\/wp-content\/uploads\/2024\/01\/Jourvens-Joseph-207x300.jpg\" alt=\"\" width=\"207\" height=\"300\" srcset=\"https:\/\/unifa-edu.info\/contenu\/wp-content\/uploads\/2024\/01\/Jourvens-Joseph-207x300.jpg 207w, https:\/\/unifa-edu.info\/contenu\/wp-content\/uploads\/2024\/01\/Jourvens-Joseph-622x900.jpg 622w, https:\/\/unifa-edu.info\/contenu\/wp-content\/uploads\/2024\/01\/Jourvens-Joseph-768x1111.jpg 768w, https:\/\/unifa-edu.info\/contenu\/wp-content\/uploads\/2024\/01\/Jourvens-Joseph.jpg 914w\" sizes=\"(max-width: 207px) 100vw, 207px\" \/><\/p>\n<p>Je suis <strong>Jourvens JOSEPH<\/strong>, \u00e9tudiant en quatri\u00e8me ann\u00e9e de m\u00e9decine.<\/p>\n<p>Suite au d\u00e9c\u00e8s de ma petite s\u0153ur par manque de soins sanitaires, je me suis engag\u00e9 \u00e0 devenir l&#8217;un des m\u00e9decins les plus prestigieux de ma g\u00e9n\u00e9ration. Pour concr\u00e9tiser ce r\u00eave qui me tient tant \u00e0 c\u0153ur, j&#8217;ai fait le choix de rejoindre l&#8217;Universit\u00e9 de la Fondation Dr Aristide. L&#8217;harmonie qui r\u00e8gne au sein de l&#8217;universit\u00e9, entre les enseignants chevronn\u00e9s et les \u00e9tudiants d\u00e9termin\u00e9s, m&#8217;a fait comprendre que choisir cet \u00e9tablissement a \u00e9t\u00e9 la meilleure d\u00e9cision pour mon avenir.<\/p>\n<p>En dehors des activit\u00e9s acad\u00e9miques, j&#8217;ai l&#8217;opportunit\u00e9 d&#8217;exprimer mon talent pour le chant et de le perfectionner gr\u00e2ce au soutien et la collaboration d&#8217;autres musiciens unifaristes aux talents divers. Cet enrichissement culturel et artistique a contribu\u00e9 \u00e0 mon \u00e9panouissement personnel tout en me permettant de mener \u00e0 bien mes \u00e9tudes.<\/p>\n<hr \/>\n<p><img loading=\"lazy\" decoding=\"async\" class=\"size-medium wp-image-20021 aligncenter\" src=\"https:\/\/unifa-edu.info\/contenu\/wp-content\/uploads\/2024\/01\/Roodenson-Altenor-214x300.jpg\" alt=\"\" width=\"214\" height=\"300\" srcset=\"https:\/\/unifa-edu.info\/contenu\/wp-content\/uploads\/2024\/01\/Roodenson-Altenor-214x300.jpg 214w, https:\/\/unifa-edu.info\/contenu\/wp-content\/uploads\/2024\/01\/Roodenson-Altenor.jpg 391w\" sizes=\"(max-width: 214px) 100vw, 214px\" \/><\/p>\n<p>Je suis <strong>Roodenson ALTENOR<\/strong>, \u00e9tudiant en deuxi\u00e8me ann\u00e9e \u00e0 la Facult\u00e9 des Sciences de R\u00e9habilitation (F.S.R).<\/p>\n<p>Le d\u00e9sir de devenir professionnel de la sant\u00e9 a toujours \u00e9t\u00e9 ma principale source de motivation depuis mon enfance, un r\u00eave qui a grandi avec moi au fil des ann\u00e9es. Apr\u00e8s avoir termin\u00e9 mes \u00e9tudes secondaires, j&#8217;ai fait le choix de rejoindre l&#8217;UNIFA pour me guider sur le chemin qui me permettrait de concr\u00e9tiser pleinement ce r\u00eave qui m&#8217;a toujours anim\u00e9. En int\u00e9grant l&#8217;UNIFA, j&#8217;ai non seulement re\u00e7u une formation exceptionnelle, mais j&#8217;ai \u00e9galement eu l&#8217;opportunit\u00e9 d&#8217;aff\u00fbter mes talents de danseur.<\/p>\n<p>Professionnellement, je r\u00e9alise que l&#8217;UNIFA a jou\u00e9 un r\u00f4le d\u00e9terminant dans ma pr\u00e9paration, m&#8217;offrant les comp\u00e9tences n\u00e9cessaires pour atteindre des r\u00e9sultats positifs dans mon domaine d&#8217;\u00e9tudes. Cette exp\u00e9rience enrichissante me permet de grandir non seulement en tant qu&#8217;\u00e9tudiant mais aussi en tant que personne, et je suis reconnaissant envers l&#8217;UNIFA pour cette opportunit\u00e9.<\/p>\n<hr \/>\n<p><img loading=\"lazy\" decoding=\"async\" class=\"size-medium wp-image-20020 aligncenter\" src=\"https:\/\/unifa-edu.info\/contenu\/wp-content\/uploads\/2024\/01\/Wolsey-Shandy-Jeune-169x300.jpg\" alt=\"\" width=\"169\" height=\"300\" srcset=\"https:\/\/unifa-edu.info\/contenu\/wp-content\/uploads\/2024\/01\/Wolsey-Shandy-Jeune-169x300.jpg 169w, https:\/\/unifa-edu.info\/contenu\/wp-content\/uploads\/2024\/01\/Wolsey-Shandy-Jeune-506x900.jpg 506w, https:\/\/unifa-edu.info\/contenu\/wp-content\/uploads\/2024\/01\/Wolsey-Shandy-Jeune.jpg 607w\" sizes=\"(max-width: 169px) 100vw, 169px\" \/><\/p>\n<p>Je m&#8217;appelle <strong>Wolsey Shandy JEUNE<\/strong>, \u00e9tudiant en 3\u00e8me ann\u00e9e \u00e0 la Facult\u00e9 des Sciences \u00c9conomiques et Administratives, plus pr\u00e9cis\u00e9ment en gestion.<\/p>\n<p>En tant que m\u00e9lomane, je pratique la guitare avec d\u2019autres \u00e9tudiants, qui sont \u00e9galement musiciens. Le choix de l&#8217;Universit\u00e9 de la Fondation Dr Aristide pour ma formation acad\u00e9mique a \u00e9t\u00e9 une d\u00e9cision judicieuse, me permettant d&#8217;acqu\u00e9rir des connaissances pratiques dans le domaine de la gestion. Mon objectif est de d\u00e9velopper mes comp\u00e9tences professionnelles afin de contribuer \u00e0 l&#8217;efficacit\u00e9 des entreprises et organismes publics en Ha\u00efti.<\/p>\n<p>L&#8217;UNIFA se distingue par ses riches ressources tant sur le plan professionnel que mat\u00e9riel. Le corps professoral exceptionnel et l&#8217;environnement cr\u00e9atif de l&#8217;universit\u00e9 ont grandement contribu\u00e9 \u00e0 mon parcours en tant qu&#8217;\u00e9tudiant et musicien. Ce choix a \u00e9galement favoris\u00e9 des rencontres et des \u00e9changes remarquables avec des personnes exceptionnelles. Je suis reconnaissant envers l&#8217;UNIFA pour cette opportunit\u00e9 qui enrichit non seulement ma formation acad\u00e9mique, mais aussi ma passion pour la musique.<\/p>\n<hr \/>\n<p><img loading=\"lazy\" decoding=\"async\" class=\"size-medium wp-image-20019 aligncenter\" src=\"https:\/\/unifa-edu.info\/contenu\/wp-content\/uploads\/2024\/01\/Olibert-Yole-Rose-225x300.jpg\" alt=\"\" width=\"225\" height=\"300\" srcset=\"https:\/\/unifa-edu.info\/contenu\/wp-content\/uploads\/2024\/01\/Olibert-Yole-Rose-225x300.jpg 225w, https:\/\/unifa-edu.info\/contenu\/wp-content\/uploads\/2024\/01\/Olibert-Yole-Rose-675x900.jpg 675w, https:\/\/unifa-edu.info\/contenu\/wp-content\/uploads\/2024\/01\/Olibert-Yole-Rose-768x1024.jpg 768w, https:\/\/unifa-edu.info\/contenu\/wp-content\/uploads\/2024\/01\/Olibert-Yole-Rose.jpg 810w\" sizes=\"(max-width: 225px) 100vw, 225px\" \/><\/p>\n<p>Je suis <strong>Yole-Rose Charlie OLIBERT<\/strong>, \u00e9tudiante en 5\u00e8me ann\u00e9e de M\u00e9decine.<\/p>\n<p>Je suis \u00e0 la fois chanteuse et violoniste. Mon aspiration a toujours \u00e9t\u00e9 d&#8217;aider les femmes pendant leur grossesse et de les assister au moment de leur accouchement, car donner naissance est un rite essentiel pour une femme. Mon choix d&#8217;\u00e9tudes me permettra de concr\u00e9tiser ce r\u00eave d&#8217;enfance. En m\u00eame temps, je mets en avant mes talents de chanteuse et de violoniste, que je cherchais auparavant \u00e0 cacher en raison de ma timidit\u00e9.<\/p>\n<p>Je suis convaincue d&#8217;avoir fait le meilleur choix, en poursuivant mon r\u00eave et en utilisant mes talents pour contribuer positivement \u00e0 ma communaut\u00e9. Cette d\u00e9marche repr\u00e9sente pour moi non seulement un accomplissement acad\u00e9mique, mais aussi une mani\u00e8re de m&#8217;\u00e9panouir et de mettre \u00e0 profit mes passions pour le bien-\u00eatre des autres.<\/p>\n<hr \/>\n<p><img loading=\"lazy\" decoding=\"async\" class=\"size-medium wp-image-20016 aligncenter\" src=\"https:\/\/unifa-edu.info\/contenu\/wp-content\/uploads\/2024\/01\/Wenshina-Joela-Augustin-229x300.jpg\" alt=\"\" width=\"229\" height=\"300\" srcset=\"https:\/\/unifa-edu.info\/contenu\/wp-content\/uploads\/2024\/01\/Wenshina-Joela-Augustin-229x300.jpg 229w, https:\/\/unifa-edu.info\/contenu\/wp-content\/uploads\/2024\/01\/Wenshina-Joela-Augustin-687x900.jpg 687w, https:\/\/unifa-edu.info\/contenu\/wp-content\/uploads\/2024\/01\/Wenshina-Joela-Augustin-768x1007.jpg 768w, https:\/\/unifa-edu.info\/contenu\/wp-content\/uploads\/2024\/01\/Wenshina-Joela-Augustin.jpg 824w\" sizes=\"(max-width: 229px) 100vw, 229px\" \/><\/p>\n<p>Mon nom est <strong>Whenshinna Jo\u00ebla AUGUSTIN<\/strong>. Je suis \u00e9tudiante en 3\u00e8me ann\u00e9e d&#8217;agronomie.<\/p>\n<p>Je suis orpheline de p\u00e8re. Ma m\u00e8re est une personne \u00e0 mobilit\u00e9 r\u00e9duite. Au d\u00e9part, il \u00e9tait difficile pour moi d\u2019envisager de fr\u00e9quenter une universit\u00e9. Apr\u00e8s mes \u00e9tudes classiques, j&#8217;ai d\u00fb passer une ann\u00e9e sans pouvoir entamer une \u00e9tude sup\u00e9rieure. Un jour, j&#8217;ai entendu parler du programme de bourses offert par l&#8217;Universit\u00e9 de la Fondation Dr ARISTIDE. Celui-ci proposait 100 bourses \u00e0 des jeunes voulant poursuivre leurs \u00e9tudes en agronomie. Initialement, l&#8217;agronomie n&#8217;\u00e9tait pas mon premier choix, mais c&#8217;\u00e9tait bel et bien un r\u00eave d&#8217;enfance. Comme on le sait, certaines opportunit\u00e9s ne se pr\u00e9sentent qu&#8217;une fois, alors je me suis rapidement inscrite, ai pass\u00e9 les examens et ai r\u00e9ussi.<\/p>\n<p>D\u00e8s ma premi\u00e8re ann\u00e9e, j&#8217;ai d\u00e9velopp\u00e9 un amour inou\u00ef pour l&#8217;agronomie. Non seulement les professeurs sont comp\u00e9tents, mais l&#8217;UNIFA dispose \u00e9galement d&#8217;une ferme. Oui, nous avons notre propre ferme pour mettre en pratique les connaissances th\u00e9oriques acquises en classe.<\/p>\n<p>L&#8217;UNIFA ne se limite pas au domaine intellectuel, elle offre \u00e9galement \u00e0 ses \u00e9tudiants des espaces pour exposer leurs talents, que ce soit lors de la C\u00e9l\u00e9bration de la Dignit\u00e9, des semaines scientifiques, etc. En tant que chanteuse, l&#8217;UNIFA m&#8217;a permis d&#8217;exploiter mon talent \u00e0 travers des performances et notamment au sein de la grande chorale.<\/p>\n<p>Avec des installations attrayantes, des professeurs chevronn\u00e9s et des activit\u00e9s socio-culturelles, l&#8217;UNIFA confirme son engagement \u00e0 offrir une \u00e9ducation v\u00e9ritablement inclusive.<\/p>\n<p>Vivant dans un pays essentiellement agricole, en tant que future ing\u00e9nieure agronome, je pr\u00e9vois de contribuer pleinement \u00e0 l&#8217;avancement de l&#8217;agriculture de mon pays.<\/p>\n<p>Unifariste un jour, Unifariste toujours !<\/p>\n<hr \/>\n<p><img loading=\"lazy\" decoding=\"async\" class=\"size-medium wp-image-20031 aligncenter\" src=\"https:\/\/unifa-edu.info\/contenu\/wp-content\/uploads\/2024\/01\/Elias-Abishai-242x300.jpg\" alt=\"\" width=\"242\" height=\"300\" srcset=\"https:\/\/unifa-edu.info\/contenu\/wp-content\/uploads\/2024\/01\/Elias-Abishai-242x300.jpg 242w, https:\/\/unifa-edu.info\/contenu\/wp-content\/uploads\/2024\/01\/Elias-Abishai-726x900.jpg 726w, https:\/\/unifa-edu.info\/contenu\/wp-content\/uploads\/2024\/01\/Elias-Abishai-768x952.jpg 768w, https:\/\/unifa-edu.info\/contenu\/wp-content\/uploads\/2024\/01\/Elias-Abishai.jpg 828w\" sizes=\"(max-width: 242px) 100vw, 242px\" \/><\/p>\n<p>Mon nom est <strong>Abisha\u00ef Bern-Adler ELIAS<\/strong> , \u00e9tudiant en 4\u00e8me ann\u00e9e \u00e0 la Facult\u00e9 de M\u00e9decine.<\/p>\n<p>Cela fait d\u00e9j\u00e0 quatre ans que je fr\u00e9quente le groupe de musiciens de l&#8217;UNIFA, et je dois dire que je me sens dans mon \u00e9l\u00e9ment lorsque je suis entour\u00e9 d&#8217;autres \u00e9tudiants partageant le m\u00eame amour et la m\u00eame passion pour la musique. Cette exp\u00e9rience m&#8217;a permis de m&#8217;adapter davantage et de nouer de nouvelles amiti\u00e9s.<\/p>\n<p>\u00c9tudier la m\u00e9decine \u00e9tait initialement le choix de mes parents, mais cette discipline a su me charmer de nombreuses fa\u00e7ons que je ne saurais d\u00e9crire, en grande partie gr\u00e2ce aux professeurs comp\u00e9tents dont dispose l&#8217;UNIFA. Je crois fermement que le pays a besoin de plus d&#8217;investissements dans l\u2019infrastructure universitaire comme ceux de l&#8217;Universit\u00e9 de la Fondation Dr Aristide. L\u2019UNIFA offre une combinaison unique d&#8217;\u00e9ducation de qualit\u00e9 et d&#8217;opportunit\u00e9s pour explorer et d\u00e9velopper des passions autres que celles li\u00e9es au domaine acad\u00e9mique.<\/p>\n<hr \/>\n<p><img loading=\"lazy\" decoding=\"async\" class=\"size-medium wp-image-20030 aligncenter\" src=\"https:\/\/unifa-edu.info\/contenu\/wp-content\/uploads\/2024\/01\/Kervens-Jean-Gilles-300x173.jpg\" alt=\"\" width=\"300\" height=\"173\" srcset=\"https:\/\/unifa-edu.info\/contenu\/wp-content\/uploads\/2024\/01\/Kervens-Jean-Gilles-300x173.jpg 300w, https:\/\/unifa-edu.info\/contenu\/wp-content\/uploads\/2024\/01\/Kervens-Jean-Gilles.jpg 576w\" sizes=\"(max-width: 300px) 100vw, 300px\" \/><\/p>\n<p>A la fin de mes \u00e9tudes secondaires, j\u2019ai soigneusement explor\u00e9 les programmes d\u2019\u00e9tudes offerts par les universit\u00e9s en Ha\u00efti. Apr\u00e8s m\u00fbre r\u00e9flexion, j\u2019ai choisi l&#8217;Universit\u00e9 de la Fondation Dr Aristide qui s\u2019est impos\u00e9e comme le choix id\u00e9al.<\/p>\n<p>En tant que musicien bassiste, l&#8217;UNIFA m&#8217;a non seulement permis d&#8217;harmoniser ma passion pour la m\u00e9decine, mais aussi d&#8217;explorer des exp\u00e9riences culturelles enrichissantes avec la basse. Aujourd&#8217;hui en 4\u00e8me ann\u00e9e, cette institution a jou\u00e9 un r\u00f4le important dans la concr\u00e9tisation de mes ambitions, d\u00e9passant largement toutes mes attentes.<\/p>\n<p>Ma gratitude envers mon alma mater est immense. L\u2019UNIFA m&#8217;aide \u00e0 \u00e9largir mes horizons en sciences m\u00e9dicales tout en m&#8217;int\u00e9grant pleinement dans le milieu socio-culturel de l&#8217;universit\u00e9.<\/p>\n<p><strong>Kervens JN GILLES<\/strong>, \u00e9tudiant en 4\u00e8me ann\u00e9e de la Facult\u00e9 de M\u00e9decine.<\/p>\n<hr \/>\n<p>&nbsp;<\/p>\n<p><img loading=\"lazy\" decoding=\"async\" class=\"alignleft wp-image-20018 size-medium\" src=\"https:\/\/unifa-edu.info\/contenu\/wp-content\/uploads\/2024\/01\/Emmanuel-Evaldgine-B-135x300.jpg\" alt=\"\" width=\"135\" height=\"300\" srcset=\"https:\/\/unifa-edu.info\/contenu\/wp-content\/uploads\/2024\/01\/Emmanuel-Evaldgine-B-135x300.jpg 135w, https:\/\/unifa-edu.info\/contenu\/wp-content\/uploads\/2024\/01\/Emmanuel-Evaldgine-B-405x900.jpg 405w, https:\/\/unifa-edu.info\/contenu\/wp-content\/uploads\/2024\/01\/Emmanuel-Evaldgine-B.jpg 486w\" sizes=\"(max-width: 135px) 100vw, 135px\" \/><\/p>\n<p>J&#8217;ai choisi l&#8217;agronomie parce qu&#8217;enfant, j&#8217;ai beaucoup aim\u00e9 la nature et tout ce qui m&#8217;entourait. En grandissant, ma passion pour l&#8217;agriculture s&#8217;est d\u00e9velopp\u00e9e, et j&#8217;ai imm\u00e9diatement su ce que je voulais faire apr\u00e8s mes \u00e9tudes classiques. Je ne cesserai jamais de remercier l&#8217;UNIFA pour la possibilit\u00e9 qu&#8217;elle m&#8217;a offerte. Elle m&#8217;a aid\u00e9 \u00e0 devenir ing\u00e9nieur agronome, me permettant ainsi de participer \u00e0 la reconstruction d&#8217;Ha\u00efti.<\/p>\n<p>Je vise \u00e0 contribuer de mani\u00e8re significative \u00e0 la r\u00e9duction du taux d&#8217;importation en mati\u00e8re premi\u00e8re, \u00e0 encourager la production nationale et \u00e0 r\u00e9duire consid\u00e9rablement le taux de famine auquel nous luttons sans cesse. Le m\u00e9tier d&#8217;ing\u00e9nieur agronome repr\u00e9sente une profession d&#8217;avenir pour tous les pays en voie de d\u00e9veloppement.<\/p>\n<p>Je suis <strong>Emmanuel Evaldgine B,<\/strong> \u00e9tudiante en 4\u00e8me ann\u00e9e des Sciences de la Nature et de l&#8217;Agriculture (Agronomie).<\/p>\n<p>&nbsp;<\/p>\n<p>&nbsp;<\/p>\n<hr \/>\n<p><img loading=\"lazy\" decoding=\"async\" class=\"size-medium wp-image-20017 aligncenter\" src=\"https:\/\/unifa-edu.info\/contenu\/wp-content\/uploads\/2024\/01\/Levequeson-Lizaire-279x300.jpg\" alt=\"\" width=\"279\" height=\"300\" srcset=\"https:\/\/unifa-edu.info\/contenu\/wp-content\/uploads\/2024\/01\/Levequeson-Lizaire-279x300.jpg 279w, https:\/\/unifa-edu.info\/contenu\/wp-content\/uploads\/2024\/01\/Levequeson-Lizaire.jpg 720w\" sizes=\"(max-width: 279px) 100vw, 279px\" \/><\/p>\n<p>L&#8217;acc\u00e8s \u00e0 l&#8217;\u00e9ducation est indispensable pour le d\u00e9veloppement des plus d\u00e9favoris\u00e9s.\u00a0 Le respect mutuel et le respect de soi sont essentiels pour atteindre ce niveau d&#8217;education.\u00a0 Il est crucial de valoriser les autres, quelles que soient leurs origines et leurs diffrences.<\/p>\n<p>Je m&#8217;appelle <strong>Lev\u00eaqueson LIZARE<\/strong>, etudiant en 4\u00e8me ann\u00e9e \u00e0 la\u00a0 Facult\u00e9 des Sciences de la Nature et d&#8217;Agriculture (FSNA).<\/p>\n<p>D\u00e8s mon plus jeune \u00e2ge, je r\u00eavais de devenir biologiste, chercheur au Laboratoire Scientifique.\u00a0 L&#8217;agronomie etait mon second choix.\u00a0 MAintenant, en tant qu&#8217;Ing\u00e9nieur-Agro en formation, je ne regretterai jamais d&#8217;avoir choisi l&#8217;UNIFA pour ma formation universitaire.<\/p>\n<hr \/>\n<p><img loading=\"lazy\" decoding=\"async\" class=\" wp-image-20029 alignleft\" src=\"https:\/\/unifa-edu.info\/contenu\/wp-content\/uploads\/2024\/01\/Marc-Henry-Lemaitre-225x300.jpg\" alt=\"\" width=\"288\" height=\"384\" srcset=\"https:\/\/unifa-edu.info\/contenu\/wp-content\/uploads\/2024\/01\/Marc-Henry-Lemaitre-225x300.jpg 225w, https:\/\/unifa-edu.info\/contenu\/wp-content\/uploads\/2024\/01\/Marc-Henry-Lemaitre-674x900.jpg 674w, https:\/\/unifa-edu.info\/contenu\/wp-content\/uploads\/2024\/01\/Marc-Henry-Lemaitre-768x1026.jpg 768w, https:\/\/unifa-edu.info\/contenu\/wp-content\/uploads\/2024\/01\/Marc-Henry-Lemaitre.jpg 958w\" sizes=\"(max-width: 288px) 100vw, 288px\" \/><\/p>\n<p>&nbsp;<\/p>\n<p>Les motivations qui m&#8217;ont incit\u00e9 \u00e0 me tourner vers des \u00e9tudes dans le domaine de la sant\u00e9 sont diverses : l&#8217;aspiration \u00e0 exercer un m\u00e9tier o\u00f9 je pour<\/p>\n<p>rais me sentir utile en aidant et soignant les individus, la perspective d&#8217;une meilleure qualit\u00e9 de vie, et la tranquillit\u00e9 de savoir que les d\u00e9bou<\/p>\n<p>ch\u00e9s professionnels seront assur\u00e9s. Apr\u00e8s avoir achev\u00e9 mes \u00e9tudes secondaires, j&#8217;ai d\u00e9cid\u00e9 de poursuivre mon parcours acad\u00e9mique \u00e0 l&#8217;Universit\u00e9 de la Fondation Dr Aristide, une universit\u00e9 prestigieuse. D\u00e8s les premi\u00e8res semaines, j&#8217;ai \u00e9t\u00e9 captiv\u00e9 par l&#8217;environnement propice \u00e0 l&#8217;apprentissage, la qualit\u00e9 des formations dispens\u00e9es, la comp\u00e9tence des enseignants, et le succ\u00e8s des anciens \u00e9tudiants sur le march\u00e9 du travail.<\/p>\n<p>Au-del\u00e0 de<\/p>\n<p>s cours, l&#8217;universit\u00e9 propose des activit\u00e9s parascolaires qui m&#8217;ont permis de d\u00e9velopper et de mettre en avant mes talents, ce qui m&#8217;a valu le statut de musicien et chanteur \u00e0 l&#8217;UNIFA. Actuellement en 4\u00e8me ann\u00e9e \u00e0 la Facult\u00e9 de M\u00e9decine et de Sciences de la Sant\u00e9, je continue \u00e0 nourrir mon amour et ma fiert\u00e9 pour mon Alma mater. La diversit\u00e9 des exp\u00e9riences acad\u00e9miques et extrascolaires contribue non seulement \u00e0 mon \u00e9panouissement personnel mais aussi \u00e0 ma pr\u00e9paration compl\u00e8te en vue de ma future carri\u00e8re dans<\/p>\n<p>le domaine de la sant\u00e9.<\/p>\n<p><strong>Marc-Henry LEMAITRE<\/strong><\/p>\n<hr \/>\n<p><img loading=\"lazy\" decoding=\"async\" class=\"wp-image-20025 alignleft\" src=\"https:\/\/unifa-edu.info\/contenu\/wp-content\/uploads\/2024\/01\/Micko-Joissaint-300x300.jpg\" alt=\"\" width=\"233\" height=\"233\" srcset=\"https:\/\/unifa-edu.info\/contenu\/wp-content\/uploads\/2024\/01\/Micko-Joissaint-300x300.jpg 300w, https:\/\/unifa-edu.info\/contenu\/wp-content\/uploads\/2024\/01\/Micko-Joissaint-150x150.jpg 150w, https:\/\/unifa-edu.info\/contenu\/wp-content\/uploads\/2024\/01\/Micko-Joissaint.jpg 566w\" sizes=\"(max-width: 233px) 100vw, 233px\" \/><\/p>\n<p>&nbsp;<\/p>\n<p>En tant qu&#8217;\u00e9tudiant en m\u00e9decine, les sciences de la sant\u00e9 ne repr\u00e9sentent pas simplement une discipline acad\u00e9mique pour moi. C&#8217;est l&#8217;occasion de plonger au c\u0153ur des myst\u00e8res du corps humain, de d\u00e9fier l&#8217;inconnu et de consacrer ma vie \u00e0 soulager la souffrance et \u00e0 restaurer la sant\u00e9.<\/p>\n<p>Comme le dit le Dr Jean Bertrand Aristide, &#8220;\u00c0 vaincre sans p\u00e9ril, on triomphe sans gloire&#8221;. Entreprendre l&#8217;aventure captivante de mes \u00e9tudes \u00e0 l&#8217;Universit\u00e9 de la Fondation Dr. Aristide n&#8217;a pas seulement \u00e9t\u00e9 un choix de carri\u00e8re, mais plut\u00f4t une opportunit\u00e9 extraordinaire de contribuer positivement \u00e0 la vie de ma communaut\u00e9. En embrassant ce parcours, je continue \u00e0 acqu\u00e9rir des connaissances approfondies, \u00e0 d\u00e9velopper des comp\u00e9tences exceptionnelles, \u00e0 encourager d&#8217;autres personnes \u00e0 s&#8217;orienter vers les sciences de la sant\u00e9, et je suis constamment stimul\u00e9 intellectuellement. Il est frappant de constater que la passion pour la m\u00e9decine rencontre l&#8217;innovation \u00e0 l&#8217;UNIFA.<\/p>\n<p><strong>Mycko JOISSAINT<\/strong>, \u00e9tudiant en troisi\u00e8me ann\u00e9e.<\/p>\n<hr \/>\n<p><img loading=\"lazy\" decoding=\"async\" class=\"size-medium wp-image-20027 aligncenter\" src=\"https:\/\/unifa-edu.info\/contenu\/wp-content\/uploads\/2024\/01\/Dnj-Mckelle-Karsen-300x288.jpg\" alt=\"\" width=\"300\" height=\"288\" srcset=\"https:\/\/unifa-edu.info\/contenu\/wp-content\/uploads\/2024\/01\/Dnj-Mckelle-Karsen-300x288.jpg 300w, https:\/\/unifa-edu.info\/contenu\/wp-content\/uploads\/2024\/01\/Dnj-Mckelle-Karsen-900x864.jpg 900w, https:\/\/unifa-edu.info\/contenu\/wp-content\/uploads\/2024\/01\/Dnj-Mckelle-Karsen-768x738.jpg 768w, https:\/\/unifa-edu.info\/contenu\/wp-content\/uploads\/2024\/01\/Dnj-Mckelle-Karsen.jpg 958w\" sizes=\"(max-width: 300px) 100vw, 300px\" \/><\/p>\n<p>Je m&#8217;appelle <strong>Dnj Mckelle Karsen JEROME<\/strong> et je suis actuellement \u00e9tudiante en 3\u00e8me ann\u00e9e \u00e0 la Facult\u00e9 des Sciences \u00c9conomiques et Administratives.<\/p>\n<p>Apr\u00e8s de longues r\u00e9flexions et une analyse approfondie de mes centres d&#8217;int\u00e9r\u00eat, j&#8217;ai choisi d&#8217;\u00e9tudier les sciences administratives. Je suis convaincue que cette profession me permettra de tisser des liens avec les individus, contribuer au d\u00e9veloppement \u00e9conomique de mes pairs, et favoriser mon \u00e9panouissement personnel. C&#8217;est pourquoi j&#8217;ai d\u00e9cid\u00e9 de me sp\u00e9cialiser dans ce domaine \u00e0 l&#8217;UNIFA. Je suis motiv\u00e9e \u00e0 travailler dur pour concr\u00e9tiser mes projets et atteindre mes objectifs. Les sciences administratives me passionnent, et j&#8217;appr\u00e9cie \u00e9voluer dans un environnement propice \u00e0 l&#8217;apprentissage.<\/p>\n<hr \/>\n<p><img loading=\"lazy\" decoding=\"async\" class=\"size-medium wp-image-20028 aligncenter\" src=\"https:\/\/unifa-edu.info\/contenu\/wp-content\/uploads\/2024\/01\/Judme-Amardis-Dronald-251x300.jpg\" alt=\"\" width=\"251\" height=\"300\" srcset=\"https:\/\/unifa-edu.info\/contenu\/wp-content\/uploads\/2024\/01\/Judme-Amardis-Dronald-251x300.jpg 251w, https:\/\/unifa-edu.info\/contenu\/wp-content\/uploads\/2024\/01\/Judme-Amardis-Dronald.jpg 718w\" sizes=\"(max-width: 251px) 100vw, 251px\" \/><\/p>\n<p><strong>JUDM\u00c9-AMARDIS Dronald<\/strong>, \u00e9tudiant en 3\u00e8me ann\u00e9e de M\u00e9decine.<\/p>\n<p>Il a toujours \u00e9t\u00e9 mon souhait d&#8217;\u00e9tudier la m\u00e9decine apr\u00e8s mes \u00e9tudes classiques, car je pensais que cette option me permettrait d&#8217;ajouter mon nom \u00e0 la liste des personnes importantes et utiles dans ma communaut\u00e9. Malheureusement, j&#8217;\u00e9tais parmi ceux qui doutaient de la capacit\u00e9 des universit\u00e9s en Ha\u00efti \u00e0 offrir une discipline aussi noble, compte tenu des exigences qu&#8217;elle requiert.<\/p>\n<p>Pendant plus de deux ans, j&#8217;ai cherch\u00e9 \u00e0 r\u00e9pondre \u00e0 ces questions : est-ce que le fait de prendre une telle d\u00e9cision n&#8217;est pas motiv\u00e9 par des \u00e9motions ? Existe-t-il vraiment une universit\u00e9 en Ha\u00efti qui puisse satisfaire mes attentes ? En 2021, j&#8217;ai d\u00e9cid\u00e9 de rejoindre l&#8217;Universit\u00e9 de la Fondation Dr Aristide (UNIFA). Aujourd&#8217;hui, apr\u00e8s environ trois ans d&#8217;\u00e9tudes, je peux affirmer que je n&#8217;ai aucun regret d&#8217;avoir fait ce choix.<\/p>\n<p>En fin de compte, je suis pleinement satisfait des enseignants, de l&#8217;\u00e9tablissement et de l&#8217;environnement. La logistique est \u00e9galement une source de satisfaction, que ce soit l&#8217;image du dortoir, de l&#8217;H\u00f4pital Universitaire Dr Aristide, des espaces de jeux, ou des activit\u00e9s parascolaires telles que la chorale de l&#8217;UNIFA, la Ligue des Jeunes de la Fondation Dr Aristide, les comp\u00e9titions sportives ou culturelles, etc. Ces activit\u00e9s m&#8217;aident \u00e0 rester actif sur les plans \u00e9motionnel, social et cognitif.<\/p>\n<hr \/>\n<p>&nbsp;<\/p>\n<p><img loading=\"lazy\" decoding=\"async\" class=\" wp-image-20024 alignleft\" src=\"https:\/\/unifa-edu.info\/contenu\/wp-content\/uploads\/2024\/01\/Roobens-Bonnange-139x300.jpg\" alt=\"\" width=\"194\" height=\"419\" srcset=\"https:\/\/unifa-edu.info\/contenu\/wp-content\/uploads\/2024\/01\/Roobens-Bonnange-139x300.jpg 139w, https:\/\/unifa-edu.info\/contenu\/wp-content\/uploads\/2024\/01\/Roobens-Bonnange-416x900.jpg 416w, https:\/\/unifa-edu.info\/contenu\/wp-content\/uploads\/2024\/01\/Roobens-Bonnange.jpg 499w\" sizes=\"(max-width: 194px) 100vw, 194px\" \/><\/p>\n<p>Je suis <strong>Roobens BONNANGE<\/strong>, \u00e9tudiant en 5\u00e8me ann\u00e9e \u00e0 la Facult\u00e9 de M\u00e9decine de l&#8217;UNIFA.<\/p>\n<p>Il y a quelques ann\u00e9es, j&#8217;ai travers\u00e9 une p\u00e9riode o\u00f9 ma pens\u00e9e n&#8217;a cess\u00e9 de tourner autour d&#8217;un seul grand r\u00eave : celui de devenir m\u00e9decin. En arrivant \u00e0 l&#8217;Universit\u00e9 de la Fondation Dr Aristide, j&#8217;ai \u00e9t\u00e9 profond\u00e9ment touch\u00e9 par certaines choses, et c&#8217;est l\u00e0 que j&#8217;ai trouv\u00e9 ma muse. L&#8217;UNIFA, ma source d&#8217;inspiration, m&#8217;a fait comprendre que l&#8217;un des moyens les plus s\u00fbrs d&#8217;apporter mon soutien \u00e0 ma patrie est de co<\/p>\n<p>ntribuer au d\u00e9veloppement de la m\u00e9decine.<\/p>\n<p>&nbsp;<\/p>\n<p>Il est inconcevable d&#8217;imaginer une soci\u00e9t\u00e9 ha\u00eftienne sans l&#8217;UNIFA au 21\u1d49 si\u00e8cle. Non seulement vous recevez une excellente formation \u00e0 l&#8217;UNIFA, mais l&#8217;institution vous oriente \u00e9galement vers des domaines socio-culturels. Un m\u00e9decin form\u00e9 \u00e0 l&#8217;UNIFA est un citoyen digne de son nom. Nos c\u00e9r\u00e9monies de graduation sont une expression vivante de ce qui se fait sur le campus et de l&#8217;engagement de notre Conseil d&#8217;administration. Je suis enthousiaste \u00e0 l&#8217;id\u00e9e de vivre ce moment.<\/p>\n<p>&nbsp;<\/p>\n<hr \/>\n<p>&nbsp;<\/p>\n<p><img loading=\"lazy\" decoding=\"async\" class=\"wp-image-20026 alignleft\" src=\"https:\/\/unifa-edu.info\/contenu\/wp-content\/uploads\/2024\/01\/Dasque-M.-Kelly-209x300.jpg\" alt=\"\" width=\"228\" height=\"328\" srcset=\"https:\/\/unifa-edu.info\/contenu\/wp-content\/uploads\/2024\/01\/Dasque-M.-Kelly-209x300.jpg 209w, https:\/\/unifa-edu.info\/contenu\/wp-content\/uploads\/2024\/01\/Dasque-M.-Kelly-626x900.jpg 626w, https:\/\/unifa-edu.info\/contenu\/wp-content\/uploads\/2024\/01\/Dasque-M.-Kelly.jpg 646w\" sizes=\"(max-width: 228px) 100vw, 228px\" \/><\/p>\n<p>&nbsp;<\/p>\n<p>Je m&#8217;appelle <strong>Marcus Kelly DASQUE<\/strong> et je suis actuellement en 2\u00e8me ann\u00e9e de G\u00e9nie civil \u00e0 l&#8217;UNIFA.<\/p>\n<p>Gr\u00e2ce \u00e0 l&#8217;UNIFA, je parviens non seulement \u00e0 d\u00e9velopper mes capacit\u00e9s intellectuelles pour devenir un citoyen du monde, mais je r\u00e9ussis \u00e9galement \u00e0 exprimer mes talents musicaux, un r\u00eave d&#8217;enfance longtemps ch\u00e9ri. Depuis deux ans, je m&#8217;investis \u00e0 la fois dans mes \u00e9tudes et en tant que chanteur et musicien au sein de la section culturelle de l&#8217;UNIFA. Je suis convaincu qu&#8217;\u00e0 l&#8217;avenir, je pourrai contribuer \u00e0 l&#8217;\u00e9panouissement de mon pays et au progr\u00e8s de l&#8217;humanit\u00e9 en choisissant d&#8217;\u00eatre un Unifariste.<\/p>\n<p>&nbsp;<\/p>\n","protected":false},"excerpt":{"rendered":"<p>&#8220;\u00c9ducare sin exclusione&#8221;, voil\u00e0 la devise de l&#8217;UNIFA. Elle pr\u00f4ne une \u00e9ducation inclusive, englobant toutes les couches de la soci\u00e9t\u00e9 sans pr\u00e9jug\u00e9s. M\u00eame si ce n&#8217;est pas moi qui ai choisi cette institution, je suis heureuse de pouvoir affirmer que je suis \u00e9tudiante \u00e0 l&#8217;Universit\u00e9 de la Fondation Dr Aristide. Cette universit\u00e9 me donne la lire &hellip; <a href=\"https:\/\/unifa-edu.info\/contenu\/2024\/01\/20014\/\">Continue reading <span class=\"meta-nav\">&rarr;<\/span><\/a><\/p>\n","protected":false},"author":4708,"featured_media":0,"comment_status":"closed","ping_status":"closed","sticky":false,"template":"","format":"standard","meta":{"footnotes":""},"categories":[79],"tags":[],"class_list":["post-20014","post","type-post","status-publish","format-standard","hentry","category-les-unifaristes-nous-voici"],"yoast_head":"<!-- This site is optimized with the Yoast SEO plugin v27.5 - https:\/\/yoast.com\/product\/yoast-seo-wordpress\/ -->\n<title>- Universit\u00e9 de la Fondation Dr Aristide<\/title>\n<meta name=\"robots\" content=\"index, follow, max-snippet:-1, max-image-preview:large, max-video-preview:-1\" \/>\n<link rel=\"canonical\" href=\"https:\/\/unifa-edu.info\/contenu\/2024\/01\/20014\/\" \/>\n<meta property=\"og:locale\" content=\"fr_FR\" \/>\n<meta property=\"og:type\" content=\"article\" \/>\n<meta property=\"og:title\" content=\"- Universit\u00e9 de la Fondation Dr Aristide\" \/>\n<meta property=\"og:description\" content=\"&#8220;\u00c9ducare sin exclusione&#8221;, voil\u00e0 la devise de l&#8217;UNIFA. Elle pr\u00f4ne une \u00e9ducation inclusive, englobant toutes les couches de la soci\u00e9t\u00e9 sans pr\u00e9jug\u00e9s. M\u00eame si ce n&#8217;est pas moi qui ai choisi cette institution, je suis heureuse de pouvoir affirmer que je suis \u00e9tudiante \u00e0 l&#8217;Universit\u00e9 de la Fondation Dr Aristide. Cette universit\u00e9 me donne la lire &hellip; Continue reading &rarr;\" \/>\n<meta property=\"og:url\" content=\"https:\/\/unifa-edu.info\/contenu\/2024\/01\/20014\/\" \/>\n<meta property=\"og:site_name\" content=\"Universit\u00e9 de la Fondation Dr Aristide\" \/>\n<meta property=\"article:published_time\" content=\"2024-01-23T15:21:27+00:00\" \/>\n<meta property=\"article:modified_time\" content=\"2024-01-23T15:34:27+00:00\" \/>\n<meta property=\"og:image\" content=\"https:\/\/unifa-edu.info\/contenu\/wp-content\/uploads\/2024\/01\/Augustin-Smyrne-S-251x300.jpg\" \/>\n<meta name=\"author\" content=\"Nerlyne Occ\u00e9an\" \/>\n<meta name=\"twitter:card\" content=\"summary_large_image\" \/>\n<meta name=\"twitter:label1\" content=\"\u00c9crit par\" \/>\n\t<meta name=\"twitter:data1\" content=\"Nerlyne Occ\u00e9an\" \/>\n\t<meta name=\"twitter:label2\" content=\"Dur\u00e9e de lecture estim\u00e9e\" \/>\n\t<meta name=\"twitter:data2\" content=\"17 minutes\" \/>\n<script type=\"application\/ld+json\" class=\"yoast-schema-graph\">{\"@context\":\"https:\\\/\\\/schema.org\",\"@graph\":[{\"@type\":\"Article\",\"@id\":\"https:\\\/\\\/unifa-edu.info\\\/contenu\\\/2024\\\/01\\\/20014\\\/#article\",\"isPartOf\":{\"@id\":\"https:\\\/\\\/unifa-edu.info\\\/contenu\\\/2024\\\/01\\\/20014\\\/\"},\"author\":{\"name\":\"Nerlyne Occ\u00e9an\",\"@id\":\"https:\\\/\\\/unifa-edu.info\\\/contenu\\\/#\\\/schema\\\/person\\\/81110a7ac318db10eb88fbc2e900e638\"},\"headline\":\"Aucun titre\",\"datePublished\":\"2024-01-23T15:21:27+00:00\",\"dateModified\":\"2024-01-23T15:34:27+00:00\",\"mainEntityOfPage\":{\"@id\":\"https:\\\/\\\/unifa-edu.info\\\/contenu\\\/2024\\\/01\\\/20014\\\/\"},\"wordCount\":2735,\"image\":{\"@id\":\"https:\\\/\\\/unifa-edu.info\\\/contenu\\\/2024\\\/01\\\/20014\\\/#primaryimage\"},\"thumbnailUrl\":\"https:\\\/\\\/unifa-edu.info\\\/contenu\\\/wp-content\\\/uploads\\\/2024\\\/01\\\/Augustin-Smyrne-S-251x300.jpg\",\"articleSection\":[\"Les Unifaristes, nous voici\"],\"inLanguage\":\"fr-FR\"},{\"@type\":\"WebPage\",\"@id\":\"https:\\\/\\\/unifa-edu.info\\\/contenu\\\/2024\\\/01\\\/20014\\\/\",\"url\":\"https:\\\/\\\/unifa-edu.info\\\/contenu\\\/2024\\\/01\\\/20014\\\/\",\"name\":\"- Universit\u00e9 de la Fondation Dr Aristide\",\"isPartOf\":{\"@id\":\"https:\\\/\\\/unifa-edu.info\\\/contenu\\\/#website\"},\"primaryImageOfPage\":{\"@id\":\"https:\\\/\\\/unifa-edu.info\\\/contenu\\\/2024\\\/01\\\/20014\\\/#primaryimage\"},\"image\":{\"@id\":\"https:\\\/\\\/unifa-edu.info\\\/contenu\\\/2024\\\/01\\\/20014\\\/#primaryimage\"},\"thumbnailUrl\":\"https:\\\/\\\/unifa-edu.info\\\/contenu\\\/wp-content\\\/uploads\\\/2024\\\/01\\\/Augustin-Smyrne-S-251x300.jpg\",\"datePublished\":\"2024-01-23T15:21:27+00:00\",\"dateModified\":\"2024-01-23T15:34:27+00:00\",\"author\":{\"@id\":\"https:\\\/\\\/unifa-edu.info\\\/contenu\\\/#\\\/schema\\\/person\\\/81110a7ac318db10eb88fbc2e900e638\"},\"inLanguage\":\"fr-FR\",\"potentialAction\":[{\"@type\":\"ReadAction\",\"target\":[\"https:\\\/\\\/unifa-edu.info\\\/contenu\\\/2024\\\/01\\\/20014\\\/\"]}]},{\"@type\":\"ImageObject\",\"inLanguage\":\"fr-FR\",\"@id\":\"https:\\\/\\\/unifa-edu.info\\\/contenu\\\/2024\\\/01\\\/20014\\\/#primaryimage\",\"url\":\"https:\\\/\\\/unifa-edu.info\\\/contenu\\\/wp-content\\\/uploads\\\/2024\\\/01\\\/Augustin-Smyrne-S.jpg\",\"contentUrl\":\"https:\\\/\\\/unifa-edu.info\\\/contenu\\\/wp-content\\\/uploads\\\/2024\\\/01\\\/Augustin-Smyrne-S.jpg\",\"width\":729,\"height\":873},{\"@type\":\"WebSite\",\"@id\":\"https:\\\/\\\/unifa-edu.info\\\/contenu\\\/#website\",\"url\":\"https:\\\/\\\/unifa-edu.info\\\/contenu\\\/\",\"name\":\"Universit\u00e9 de la Fondation Dr Aristide\",\"description\":\"\",\"potentialAction\":[{\"@type\":\"SearchAction\",\"target\":{\"@type\":\"EntryPoint\",\"urlTemplate\":\"https:\\\/\\\/unifa-edu.info\\\/contenu\\\/?s={search_term_string}\"},\"query-input\":{\"@type\":\"PropertyValueSpecification\",\"valueRequired\":true,\"valueName\":\"search_term_string\"}}],\"inLanguage\":\"fr-FR\"},{\"@type\":\"Person\",\"@id\":\"https:\\\/\\\/unifa-edu.info\\\/contenu\\\/#\\\/schema\\\/person\\\/81110a7ac318db10eb88fbc2e900e638\",\"name\":\"Nerlyne Occ\u00e9an\",\"url\":\"https:\\\/\\\/unifa-edu.info\\\/contenu\\\/author\\\/occeannerlyne\\\/\"}]}<\/script>\n<!-- \/ Yoast SEO plugin. -->","yoast_head_json":{"title":"- Universit\u00e9 de la Fondation Dr Aristide","robots":{"index":"index","follow":"follow","max-snippet":"max-snippet:-1","max-image-preview":"max-image-preview:large","max-video-preview":"max-video-preview:-1"},"canonical":"https:\/\/unifa-edu.info\/contenu\/2024\/01\/20014\/","og_locale":"fr_FR","og_type":"article","og_title":"- Universit\u00e9 de la Fondation Dr Aristide","og_description":"&#8220;\u00c9ducare sin exclusione&#8221;, voil\u00e0 la devise de l&#8217;UNIFA. Elle pr\u00f4ne une \u00e9ducation inclusive, englobant toutes les couches de la soci\u00e9t\u00e9 sans pr\u00e9jug\u00e9s. M\u00eame si ce n&#8217;est pas moi qui ai choisi cette institution, je suis heureuse de pouvoir affirmer que je suis \u00e9tudiante \u00e0 l&#8217;Universit\u00e9 de la Fondation Dr Aristide. Cette universit\u00e9 me donne la lire &hellip; Continue reading &rarr;","og_url":"https:\/\/unifa-edu.info\/contenu\/2024\/01\/20014\/","og_site_name":"Universit\u00e9 de la Fondation Dr Aristide","article_published_time":"2024-01-23T15:21:27+00:00","article_modified_time":"2024-01-23T15:34:27+00:00","og_image":[{"url":"https:\/\/unifa-edu.info\/contenu\/wp-content\/uploads\/2024\/01\/Augustin-Smyrne-S-251x300.jpg","type":"","width":"","height":""}],"author":"Nerlyne Occ\u00e9an","twitter_card":"summary_large_image","twitter_misc":{"\u00c9crit par":"Nerlyne Occ\u00e9an","Dur\u00e9e de lecture estim\u00e9e":"17 minutes"},"schema":{"@context":"https:\/\/schema.org","@graph":[{"@type":"Article","@id":"https:\/\/unifa-edu.info\/contenu\/2024\/01\/20014\/#article","isPartOf":{"@id":"https:\/\/unifa-edu.info\/contenu\/2024\/01\/20014\/"},"author":{"name":"Nerlyne Occ\u00e9an","@id":"https:\/\/unifa-edu.info\/contenu\/#\/schema\/person\/81110a7ac318db10eb88fbc2e900e638"},"headline":"Aucun titre","datePublished":"2024-01-23T15:21:27+00:00","dateModified":"2024-01-23T15:34:27+00:00","mainEntityOfPage":{"@id":"https:\/\/unifa-edu.info\/contenu\/2024\/01\/20014\/"},"wordCount":2735,"image":{"@id":"https:\/\/unifa-edu.info\/contenu\/2024\/01\/20014\/#primaryimage"},"thumbnailUrl":"https:\/\/unifa-edu.info\/contenu\/wp-content\/uploads\/2024\/01\/Augustin-Smyrne-S-251x300.jpg","articleSection":["Les Unifaristes, nous voici"],"inLanguage":"fr-FR"},{"@type":"WebPage","@id":"https:\/\/unifa-edu.info\/contenu\/2024\/01\/20014\/","url":"https:\/\/unifa-edu.info\/contenu\/2024\/01\/20014\/","name":"- Universit\u00e9 de la Fondation Dr Aristide","isPartOf":{"@id":"https:\/\/unifa-edu.info\/contenu\/#website"},"primaryImageOfPage":{"@id":"https:\/\/unifa-edu.info\/contenu\/2024\/01\/20014\/#primaryimage"},"image":{"@id":"https:\/\/unifa-edu.info\/contenu\/2024\/01\/20014\/#primaryimage"},"thumbnailUrl":"https:\/\/unifa-edu.info\/contenu\/wp-content\/uploads\/2024\/01\/Augustin-Smyrne-S-251x300.jpg","datePublished":"2024-01-23T15:21:27+00:00","dateModified":"2024-01-23T15:34:27+00:00","author":{"@id":"https:\/\/unifa-edu.info\/contenu\/#\/schema\/person\/81110a7ac318db10eb88fbc2e900e638"},"inLanguage":"fr-FR","potentialAction":[{"@type":"ReadAction","target":["https:\/\/unifa-edu.info\/contenu\/2024\/01\/20014\/"]}]},{"@type":"ImageObject","inLanguage":"fr-FR","@id":"https:\/\/unifa-edu.info\/contenu\/2024\/01\/20014\/#primaryimage","url":"https:\/\/unifa-edu.info\/contenu\/wp-content\/uploads\/2024\/01\/Augustin-Smyrne-S.jpg","contentUrl":"https:\/\/unifa-edu.info\/contenu\/wp-content\/uploads\/2024\/01\/Augustin-Smyrne-S.jpg","width":729,"height":873},{"@type":"WebSite","@id":"https:\/\/unifa-edu.info\/contenu\/#website","url":"https:\/\/unifa-edu.info\/contenu\/","name":"Universit\u00e9 de la Fondation Dr Aristide","description":"","potentialAction":[{"@type":"SearchAction","target":{"@type":"EntryPoint","urlTemplate":"https:\/\/unifa-edu.info\/contenu\/?s={search_term_string}"},"query-input":{"@type":"PropertyValueSpecification","valueRequired":true,"valueName":"search_term_string"}}],"inLanguage":"fr-FR"},{"@type":"Person","@id":"https:\/\/unifa-edu.info\/contenu\/#\/schema\/person\/81110a7ac318db10eb88fbc2e900e638","name":"Nerlyne Occ\u00e9an","url":"https:\/\/unifa-edu.info\/contenu\/author\/occeannerlyne\/"}]}},"_links":{"self":[{"href":"https:\/\/unifa-edu.info\/contenu\/wp-json\/wp\/v2\/posts\/20014","targetHints":{"allow":["GET"]}}],"collection":[{"href":"https:\/\/unifa-edu.info\/contenu\/wp-json\/wp\/v2\/posts"}],"about":[{"href":"https:\/\/unifa-edu.info\/contenu\/wp-json\/wp\/v2\/types\/post"}],"author":[{"embeddable":true,"href":"https:\/\/unifa-edu.info\/contenu\/wp-json\/wp\/v2\/users\/4708"}],"replies":[{"embeddable":true,"href":"https:\/\/unifa-edu.info\/contenu\/wp-json\/wp\/v2\/comments?post=20014"}],"version-history":[{"count":4,"href":"https:\/\/unifa-edu.info\/contenu\/wp-json\/wp\/v2\/posts\/20014\/revisions"}],"predecessor-version":[{"id":20035,"href":"https:\/\/unifa-edu.info\/contenu\/wp-json\/wp\/v2\/posts\/20014\/revisions\/20035"}],"wp:attachment":[{"href":"https:\/\/unifa-edu.info\/contenu\/wp-json\/wp\/v2\/media?parent=20014"}],"wp:term":[{"taxonomy":"category","embeddable":true,"href":"https:\/\/unifa-edu.info\/contenu\/wp-json\/wp\/v2\/categories?post=20014"},{"taxonomy":"post_tag","embeddable":true,"href":"https:\/\/unifa-edu.info\/contenu\/wp-json\/wp\/v2\/tags?post=20014"}],"curies":[{"name":"wp","href":"https:\/\/api.w.org\/{rel}","templated":true}]}}