{"id":202,"date":"2019-06-29T22:24:37","date_gmt":"2019-06-30T02:24:37","guid":{"rendered":"http:\/\/unifa.edu.ht\/index\/?p=202"},"modified":"2019-08-16T10:31:15","modified_gmt":"2019-08-16T14:31:15","slug":"7eme-soutenance-de-memoire","status":"publish","type":"post","link":"https:\/\/unifa-edu.info\/contenu\/2019\/06\/7eme-soutenance-de-memoire\/","title":{"rendered":"7\u00e8me Soutenance de m\u00e9moire"},"content":{"rendered":"<p><img decoding=\"async\" class=\"alignleft size-thumbnail wp-image-207\" src=\"https:\/\/unifa-edu.info\/contenu\/wp-content\/uploads\/2019\/06\/jury-1024x682-150x150.jpg\" alt=\"\" width=\"150\" height=\"150\" \/>La Constitution du 29 mars 1987 d\u00e9finit clairement la responsabilit\u00e9 et le r\u00f4le du pouvoir l\u00e9gislatif dans le syst\u00e8me d\u00e9mocratique ha\u00eftien. Ce Parlement dispose du pouvoir de discuter et de voter des lois. Il a aussi pour mission de voter le budget de l\u2019\u00c9tat et de contr\u00f4ler le pouvoir ex\u00e9cutif, autrement dit, surveiller la bonne marche de toutes les institutions de l\u2019\u00c9tat. Car le syst\u00e8me politique ha\u00eftien est un r\u00e9gime semi-parlementaire. Ledit r\u00e9gime fait injonction \u00e0 ce que le pouvoir ex\u00e9cutif soit redevable par-devant la grande assembl\u00e9e parlementaire en vue de l\u00e9gitimer le choix du gouvernement selon l\u2019article 158 de cette Constitution. Au regard de la constitution et du m\u00e9pris des lois ouvertement d\u00e9montr\u00e9 par les parlementaires, Mlle Roselaure DESIMO a soutenu \u00ab Les d\u00e9faillances du contr\u00f4le parlementaire de l\u2019action gouvernementale depuis 1987 : une entrave \u00e0 l\u2019effectivit\u00e9 de l\u2019\u00c9tat de droit en Ha\u00efti \u00bb ce vendredi 28 Juin 2019 \u00e0 l\u2019UNIFA.<!--more--><\/p>\n<figure id=\"attachment_207\" aria-describedby=\"caption-attachment-207\" style=\"width: 600px\" class=\"wp-caption aligncenter\"><img fetchpriority=\"high\" decoding=\"async\" class=\"wp-image-207 size-large\" src=\"http:\/\/unifa.edu.ht\/index\/wp-content\/uploads\/2019\/06\/jury-1024x682-1024x682.jpg\" alt=\"\" width=\"600\" height=\"400\" srcset=\"https:\/\/unifa-edu.info\/contenu\/wp-content\/uploads\/2019\/06\/jury-1024x682.jpg 1024w, https:\/\/unifa-edu.info\/contenu\/wp-content\/uploads\/2019\/06\/jury-1024x682-300x200.jpg 300w, https:\/\/unifa-edu.info\/contenu\/wp-content\/uploads\/2019\/06\/jury-1024x682-768x512.jpg 768w, https:\/\/unifa-edu.info\/contenu\/wp-content\/uploads\/2019\/06\/jury-1024x682-75x50.jpg 75w\" sizes=\"(max-width: 600px) 100vw, 600px\" \/><figcaption id=\"caption-attachment-207\" class=\"wp-caption-text\">Dr Paul Antoine, Pr\u00e9sident du Jury (au centre), Me Simon Samuel, Directeur du m\u00e9moire (gauche) et Me Gervais Charles, Lecteur critique.<\/figcaption><\/figure>\n<figure id=\"attachment_204\" aria-describedby=\"caption-attachment-204\" style=\"width: 770px\" class=\"wp-caption aligncenter\"><img decoding=\"async\" class=\"wp-image-204 size-full\" src=\"http:\/\/unifa.edu.ht\/index\/wp-content\/uploads\/2019\/07\/jury_2-770x433.jpg\" alt=\"\" width=\"770\" height=\"433\" srcset=\"https:\/\/unifa-edu.info\/contenu\/wp-content\/uploads\/2019\/07\/jury_2-770x433.jpg 770w, https:\/\/unifa-edu.info\/contenu\/wp-content\/uploads\/2019\/07\/jury_2-770x433-300x169.jpg 300w, https:\/\/unifa-edu.info\/contenu\/wp-content\/uploads\/2019\/07\/jury_2-770x433-768x432.jpg 768w\" sizes=\"(max-width: 770px) 100vw, 770px\" \/><figcaption id=\"caption-attachment-204\" class=\"wp-caption-text\">Mlle Roselaure DESIMO (en compagnie des membres du jury<\/figcaption><\/figure>\n<p>En effet, l\u2019adoption des r\u00e9gimes d\u00e9mocratiques dit parlementaires ou semi-parlementaires et la pratique de corruption (les jeux d\u2019alliance entre parlementaires et membres du gouvernement en vue de la satisfaction de leurs propres int\u00e9r\u00eats et non ceux de la nation) entra\u00eenent les parlementaires dans le spectre de l\u2019ex\u00e9cutif. Les parlementaires sont devenus des autorit\u00e9s ex\u00e9cutives. Ils ne contr\u00f4lent plus. Ils gouvernent de pr\u00e9f\u00e9rence. A ce moment, le peuple est livr\u00e9 \u00e0 lui-m\u00eame sans personne pour d\u00e9fendre ses droits ; a expliqu\u00e9 Mlle DESIMO.<\/p>\n<p>Dr Paul Antoine, Me Samuel Simon et Me Gervais Charles, respectivement Pr\u00e9sident et Membres du Jury, ont\u00a0\u00e9t\u00e9 impressionn\u00e9s par les efforts fournis par Mlle DESIMO afin de r\u00e9aliser un travail aussi int\u00e9ressant et pr\u00e9senter le cot\u00e9 politique de son sujet ; condition sine qua non pour un m\u00e9moire complet. Elle a d\u00e9fendu avec assurance son point de vue et a fourni des r\u00e9ponses ad\u00e9quates et justes. Elle a m\u00eame pu d\u00e9gager \u00e0 travers son expos\u00e9 de potentiels sujets de m\u00e9moire pour ceux et celles qui h\u00e9sitaient encore \u00e0 s\u2019y mettre.<\/p>\n<p>Ayant obtenu la mention Bien apr\u00e8s d\u00e9lib\u00e9ration du Jury, Mlle DESIMO\u00a0a acquis le grade de Licenci\u00e9e en Sciences Juridiques.<\/p>\n<p>Unifaristement, F\u00e9licitations et bonne continuation !<\/p>\n","protected":false},"excerpt":{"rendered":"<p>La Constitution du 29 mars 1987 d\u00e9finit clairement la responsabilit\u00e9 et le r\u00f4le du pouvoir l\u00e9gislatif dans le syst\u00e8me d\u00e9mocratique ha\u00eftien. Ce Parlement dispose du pouvoir de discuter et de voter des lois. Il a aussi pour mission de voter le budget de l\u2019\u00c9tat et de contr\u00f4ler le pouvoir ex\u00e9cutif, autrement dit, surveiller la bonne lire &hellip; <a href=\"https:\/\/unifa-edu.info\/contenu\/2019\/06\/7eme-soutenance-de-memoire\/\">Continue reading <span class=\"meta-nav\">&rarr;<\/span><\/a><\/p>\n","protected":false},"author":3831,"featured_media":207,"comment_status":"closed","ping_status":"closed","sticky":false,"template":"","format":"standard","meta":{"footnotes":""},"categories":[4],"tags":[],"class_list":["post-202","post","type-post","status-publish","format-standard","has-post-thumbnail","hentry","category-soutenance-de-these"],"yoast_head":"<!-- This site is optimized with the Yoast SEO plugin v27.5 - https:\/\/yoast.com\/product\/yoast-seo-wordpress\/ -->\n<title>7\u00e8me Soutenance de m\u00e9moire - Universit\u00e9 de la Fondation Dr Aristide<\/title>\n<meta name=\"robots\" content=\"index, follow, max-snippet:-1, max-image-preview:large, max-video-preview:-1\" \/>\n<link rel=\"canonical\" href=\"https:\/\/unifa-edu.info\/contenu\/2019\/06\/7eme-soutenance-de-memoire\/\" \/>\n<meta property=\"og:locale\" content=\"fr_FR\" \/>\n<meta property=\"og:type\" content=\"article\" \/>\n<meta property=\"og:title\" content=\"7\u00e8me Soutenance de m\u00e9moire - Universit\u00e9 de la Fondation Dr Aristide\" \/>\n<meta property=\"og:description\" content=\"La Constitution du 29 mars 1987 d\u00e9finit clairement la responsabilit\u00e9 et le r\u00f4le du pouvoir l\u00e9gislatif dans le syst\u00e8me d\u00e9mocratique ha\u00eftien. Ce Parlement dispose du pouvoir de discuter et de voter des lois. Il a aussi pour mission de voter le budget de l\u2019\u00c9tat et de contr\u00f4ler le pouvoir ex\u00e9cutif, autrement dit, surveiller la bonne lire &hellip; Continue reading &rarr;\" \/>\n<meta property=\"og:url\" content=\"https:\/\/unifa-edu.info\/contenu\/2019\/06\/7eme-soutenance-de-memoire\/\" \/>\n<meta property=\"og:site_name\" content=\"Universit\u00e9 de la Fondation Dr Aristide\" \/>\n<meta property=\"article:published_time\" content=\"2019-06-30T02:24:37+00:00\" \/>\n<meta property=\"article:modified_time\" content=\"2019-08-16T14:31:15+00:00\" \/>\n<meta property=\"og:image\" content=\"https:\/\/unifa-edu.info\/contenu\/wp-content\/uploads\/2019\/06\/jury-1024x682.jpg\" \/>\n\t<meta property=\"og:image:width\" content=\"1024\" \/>\n\t<meta property=\"og:image:height\" content=\"682\" \/>\n\t<meta property=\"og:image:type\" content=\"image\/jpeg\" \/>\n<meta name=\"author\" content=\"Rony BIEN AIME\" \/>\n<meta name=\"twitter:card\" content=\"summary_large_image\" \/>\n<meta name=\"twitter:label1\" content=\"\u00c9crit par\" \/>\n\t<meta name=\"twitter:data1\" content=\"Rony BIEN AIME\" \/>\n\t<meta name=\"twitter:label2\" content=\"Dur\u00e9e de lecture estim\u00e9e\" \/>\n\t<meta name=\"twitter:data2\" content=\"2 minutes\" \/>\n<script type=\"application\/ld+json\" class=\"yoast-schema-graph\">{\"@context\":\"https:\\\/\\\/schema.org\",\"@graph\":[{\"@type\":\"Article\",\"@id\":\"https:\\\/\\\/unifa-edu.info\\\/contenu\\\/2019\\\/06\\\/7eme-soutenance-de-memoire\\\/#article\",\"isPartOf\":{\"@id\":\"https:\\\/\\\/unifa-edu.info\\\/contenu\\\/2019\\\/06\\\/7eme-soutenance-de-memoire\\\/\"},\"author\":{\"name\":\"Rony BIEN AIME\",\"@id\":\"https:\\\/\\\/unifa-edu.info\\\/contenu\\\/#\\\/schema\\\/person\\\/2a4e92dd986cd3c40b8af109797591c3\"},\"headline\":\"7\u00e8me Soutenance de m\u00e9moire\",\"datePublished\":\"2019-06-30T02:24:37+00:00\",\"dateModified\":\"2019-08-16T14:31:15+00:00\",\"mainEntityOfPage\":{\"@id\":\"https:\\\/\\\/unifa-edu.info\\\/contenu\\\/2019\\\/06\\\/7eme-soutenance-de-memoire\\\/\"},\"wordCount\":446,\"image\":{\"@id\":\"https:\\\/\\\/unifa-edu.info\\\/contenu\\\/2019\\\/06\\\/7eme-soutenance-de-memoire\\\/#primaryimage\"},\"thumbnailUrl\":\"https:\\\/\\\/unifa-edu.info\\\/contenu\\\/wp-content\\\/uploads\\\/2019\\\/06\\\/jury-1024x682.jpg\",\"articleSection\":[\"Soutenances de th\u00e8se\"],\"inLanguage\":\"fr-FR\"},{\"@type\":\"WebPage\",\"@id\":\"https:\\\/\\\/unifa-edu.info\\\/contenu\\\/2019\\\/06\\\/7eme-soutenance-de-memoire\\\/\",\"url\":\"https:\\\/\\\/unifa-edu.info\\\/contenu\\\/2019\\\/06\\\/7eme-soutenance-de-memoire\\\/\",\"name\":\"7\u00e8me Soutenance de m\u00e9moire - Universit\u00e9 de la Fondation Dr Aristide\",\"isPartOf\":{\"@id\":\"https:\\\/\\\/unifa-edu.info\\\/contenu\\\/#website\"},\"primaryImageOfPage\":{\"@id\":\"https:\\\/\\\/unifa-edu.info\\\/contenu\\\/2019\\\/06\\\/7eme-soutenance-de-memoire\\\/#primaryimage\"},\"image\":{\"@id\":\"https:\\\/\\\/unifa-edu.info\\\/contenu\\\/2019\\\/06\\\/7eme-soutenance-de-memoire\\\/#primaryimage\"},\"thumbnailUrl\":\"https:\\\/\\\/unifa-edu.info\\\/contenu\\\/wp-content\\\/uploads\\\/2019\\\/06\\\/jury-1024x682.jpg\",\"datePublished\":\"2019-06-30T02:24:37+00:00\",\"dateModified\":\"2019-08-16T14:31:15+00:00\",\"author\":{\"@id\":\"https:\\\/\\\/unifa-edu.info\\\/contenu\\\/#\\\/schema\\\/person\\\/2a4e92dd986cd3c40b8af109797591c3\"},\"breadcrumb\":{\"@id\":\"https:\\\/\\\/unifa-edu.info\\\/contenu\\\/2019\\\/06\\\/7eme-soutenance-de-memoire\\\/#breadcrumb\"},\"inLanguage\":\"fr-FR\",\"potentialAction\":[{\"@type\":\"ReadAction\",\"target\":[\"https:\\\/\\\/unifa-edu.info\\\/contenu\\\/2019\\\/06\\\/7eme-soutenance-de-memoire\\\/\"]}]},{\"@type\":\"ImageObject\",\"inLanguage\":\"fr-FR\",\"@id\":\"https:\\\/\\\/unifa-edu.info\\\/contenu\\\/2019\\\/06\\\/7eme-soutenance-de-memoire\\\/#primaryimage\",\"url\":\"https:\\\/\\\/unifa-edu.info\\\/contenu\\\/wp-content\\\/uploads\\\/2019\\\/06\\\/jury-1024x682.jpg\",\"contentUrl\":\"https:\\\/\\\/unifa-edu.info\\\/contenu\\\/wp-content\\\/uploads\\\/2019\\\/06\\\/jury-1024x682.jpg\",\"width\":1024,\"height\":682},{\"@type\":\"BreadcrumbList\",\"@id\":\"https:\\\/\\\/unifa-edu.info\\\/contenu\\\/2019\\\/06\\\/7eme-soutenance-de-memoire\\\/#breadcrumb\",\"itemListElement\":[{\"@type\":\"ListItem\",\"position\":1,\"name\":\"Accueil\",\"item\":\"https:\\\/\\\/unifa-edu.info\\\/contenu\\\/\"},{\"@type\":\"ListItem\",\"position\":2,\"name\":\"7\u00e8me Soutenance de m\u00e9moire\"}]},{\"@type\":\"WebSite\",\"@id\":\"https:\\\/\\\/unifa-edu.info\\\/contenu\\\/#website\",\"url\":\"https:\\\/\\\/unifa-edu.info\\\/contenu\\\/\",\"name\":\"Universit\u00e9 de la Fondation Dr Aristide\",\"description\":\"\",\"potentialAction\":[{\"@type\":\"SearchAction\",\"target\":{\"@type\":\"EntryPoint\",\"urlTemplate\":\"https:\\\/\\\/unifa-edu.info\\\/contenu\\\/?s={search_term_string}\"},\"query-input\":{\"@type\":\"PropertyValueSpecification\",\"valueRequired\":true,\"valueName\":\"search_term_string\"}}],\"inLanguage\":\"fr-FR\"},{\"@type\":\"Person\",\"@id\":\"https:\\\/\\\/unifa-edu.info\\\/contenu\\\/#\\\/schema\\\/person\\\/2a4e92dd986cd3c40b8af109797591c3\",\"name\":\"Rony BIEN AIME\",\"url\":\"https:\\\/\\\/unifa-edu.info\\\/contenu\\\/author\\\/rbienaime\\\/\"}]}<\/script>\n<!-- \/ Yoast SEO plugin. -->","yoast_head_json":{"title":"7\u00e8me Soutenance de m\u00e9moire - Universit\u00e9 de la Fondation Dr Aristide","robots":{"index":"index","follow":"follow","max-snippet":"max-snippet:-1","max-image-preview":"max-image-preview:large","max-video-preview":"max-video-preview:-1"},"canonical":"https:\/\/unifa-edu.info\/contenu\/2019\/06\/7eme-soutenance-de-memoire\/","og_locale":"fr_FR","og_type":"article","og_title":"7\u00e8me Soutenance de m\u00e9moire - Universit\u00e9 de la Fondation Dr Aristide","og_description":"La Constitution du 29 mars 1987 d\u00e9finit clairement la responsabilit\u00e9 et le r\u00f4le du pouvoir l\u00e9gislatif dans le syst\u00e8me d\u00e9mocratique ha\u00eftien. Ce Parlement dispose du pouvoir de discuter et de voter des lois. Il a aussi pour mission de voter le budget de l\u2019\u00c9tat et de contr\u00f4ler le pouvoir ex\u00e9cutif, autrement dit, surveiller la bonne lire &hellip; Continue reading &rarr;","og_url":"https:\/\/unifa-edu.info\/contenu\/2019\/06\/7eme-soutenance-de-memoire\/","og_site_name":"Universit\u00e9 de la Fondation Dr Aristide","article_published_time":"2019-06-30T02:24:37+00:00","article_modified_time":"2019-08-16T14:31:15+00:00","og_image":[{"width":1024,"height":682,"url":"https:\/\/unifa-edu.info\/contenu\/wp-content\/uploads\/2019\/06\/jury-1024x682.jpg","type":"image\/jpeg"}],"author":"Rony BIEN AIME","twitter_card":"summary_large_image","twitter_misc":{"\u00c9crit par":"Rony BIEN AIME","Dur\u00e9e de lecture estim\u00e9e":"2 minutes"},"schema":{"@context":"https:\/\/schema.org","@graph":[{"@type":"Article","@id":"https:\/\/unifa-edu.info\/contenu\/2019\/06\/7eme-soutenance-de-memoire\/#article","isPartOf":{"@id":"https:\/\/unifa-edu.info\/contenu\/2019\/06\/7eme-soutenance-de-memoire\/"},"author":{"name":"Rony BIEN AIME","@id":"https:\/\/unifa-edu.info\/contenu\/#\/schema\/person\/2a4e92dd986cd3c40b8af109797591c3"},"headline":"7\u00e8me Soutenance de m\u00e9moire","datePublished":"2019-06-30T02:24:37+00:00","dateModified":"2019-08-16T14:31:15+00:00","mainEntityOfPage":{"@id":"https:\/\/unifa-edu.info\/contenu\/2019\/06\/7eme-soutenance-de-memoire\/"},"wordCount":446,"image":{"@id":"https:\/\/unifa-edu.info\/contenu\/2019\/06\/7eme-soutenance-de-memoire\/#primaryimage"},"thumbnailUrl":"https:\/\/unifa-edu.info\/contenu\/wp-content\/uploads\/2019\/06\/jury-1024x682.jpg","articleSection":["Soutenances de th\u00e8se"],"inLanguage":"fr-FR"},{"@type":"WebPage","@id":"https:\/\/unifa-edu.info\/contenu\/2019\/06\/7eme-soutenance-de-memoire\/","url":"https:\/\/unifa-edu.info\/contenu\/2019\/06\/7eme-soutenance-de-memoire\/","name":"7\u00e8me Soutenance de m\u00e9moire - Universit\u00e9 de la Fondation Dr Aristide","isPartOf":{"@id":"https:\/\/unifa-edu.info\/contenu\/#website"},"primaryImageOfPage":{"@id":"https:\/\/unifa-edu.info\/contenu\/2019\/06\/7eme-soutenance-de-memoire\/#primaryimage"},"image":{"@id":"https:\/\/unifa-edu.info\/contenu\/2019\/06\/7eme-soutenance-de-memoire\/#primaryimage"},"thumbnailUrl":"https:\/\/unifa-edu.info\/contenu\/wp-content\/uploads\/2019\/06\/jury-1024x682.jpg","datePublished":"2019-06-30T02:24:37+00:00","dateModified":"2019-08-16T14:31:15+00:00","author":{"@id":"https:\/\/unifa-edu.info\/contenu\/#\/schema\/person\/2a4e92dd986cd3c40b8af109797591c3"},"breadcrumb":{"@id":"https:\/\/unifa-edu.info\/contenu\/2019\/06\/7eme-soutenance-de-memoire\/#breadcrumb"},"inLanguage":"fr-FR","potentialAction":[{"@type":"ReadAction","target":["https:\/\/unifa-edu.info\/contenu\/2019\/06\/7eme-soutenance-de-memoire\/"]}]},{"@type":"ImageObject","inLanguage":"fr-FR","@id":"https:\/\/unifa-edu.info\/contenu\/2019\/06\/7eme-soutenance-de-memoire\/#primaryimage","url":"https:\/\/unifa-edu.info\/contenu\/wp-content\/uploads\/2019\/06\/jury-1024x682.jpg","contentUrl":"https:\/\/unifa-edu.info\/contenu\/wp-content\/uploads\/2019\/06\/jury-1024x682.jpg","width":1024,"height":682},{"@type":"BreadcrumbList","@id":"https:\/\/unifa-edu.info\/contenu\/2019\/06\/7eme-soutenance-de-memoire\/#breadcrumb","itemListElement":[{"@type":"ListItem","position":1,"name":"Accueil","item":"https:\/\/unifa-edu.info\/contenu\/"},{"@type":"ListItem","position":2,"name":"7\u00e8me Soutenance de m\u00e9moire"}]},{"@type":"WebSite","@id":"https:\/\/unifa-edu.info\/contenu\/#website","url":"https:\/\/unifa-edu.info\/contenu\/","name":"Universit\u00e9 de la Fondation Dr Aristide","description":"","potentialAction":[{"@type":"SearchAction","target":{"@type":"EntryPoint","urlTemplate":"https:\/\/unifa-edu.info\/contenu\/?s={search_term_string}"},"query-input":{"@type":"PropertyValueSpecification","valueRequired":true,"valueName":"search_term_string"}}],"inLanguage":"fr-FR"},{"@type":"Person","@id":"https:\/\/unifa-edu.info\/contenu\/#\/schema\/person\/2a4e92dd986cd3c40b8af109797591c3","name":"Rony BIEN AIME","url":"https:\/\/unifa-edu.info\/contenu\/author\/rbienaime\/"}]}},"_links":{"self":[{"href":"https:\/\/unifa-edu.info\/contenu\/wp-json\/wp\/v2\/posts\/202","targetHints":{"allow":["GET"]}}],"collection":[{"href":"https:\/\/unifa-edu.info\/contenu\/wp-json\/wp\/v2\/posts"}],"about":[{"href":"https:\/\/unifa-edu.info\/contenu\/wp-json\/wp\/v2\/types\/post"}],"author":[{"embeddable":true,"href":"https:\/\/unifa-edu.info\/contenu\/wp-json\/wp\/v2\/users\/3831"}],"replies":[{"embeddable":true,"href":"https:\/\/unifa-edu.info\/contenu\/wp-json\/wp\/v2\/comments?post=202"}],"version-history":[{"count":8,"href":"https:\/\/unifa-edu.info\/contenu\/wp-json\/wp\/v2\/posts\/202\/revisions"}],"predecessor-version":[{"id":1448,"href":"https:\/\/unifa-edu.info\/contenu\/wp-json\/wp\/v2\/posts\/202\/revisions\/1448"}],"wp:featuredmedia":[{"embeddable":true,"href":"https:\/\/unifa-edu.info\/contenu\/wp-json\/wp\/v2\/media\/207"}],"wp:attachment":[{"href":"https:\/\/unifa-edu.info\/contenu\/wp-json\/wp\/v2\/media?parent=202"}],"wp:term":[{"taxonomy":"category","embeddable":true,"href":"https:\/\/unifa-edu.info\/contenu\/wp-json\/wp\/v2\/categories?post=202"},{"taxonomy":"post_tag","embeddable":true,"href":"https:\/\/unifa-edu.info\/contenu\/wp-json\/wp\/v2\/tags?post=202"}],"curies":[{"name":"wp","href":"https:\/\/api.w.org\/{rel}","templated":true}]}}