{"id":26428,"date":"2026-08-31T11:32:20","date_gmt":"2026-08-31T15:32:20","guid":{"rendered":"https:\/\/unifa-edu.info\/contenu\/?p=26428"},"modified":"2026-08-31T11:44:30","modified_gmt":"2026-08-31T15:44:30","slug":"a-la-recherche-de-ses-talents-2026","status":"publish","type":"post","link":"https:\/\/unifa-edu.info\/contenu\/2026\/08\/a-la-recherche-de-ses-talents-2026\/","title":{"rendered":"L&#8217;Universit\u00e9 de la Fondation Dr Aristide \u00e0 la recherche de ses talents"},"content":{"rendered":"\n<div class=\"wp-block-group has-background\" style=\"border-left-color:#1b3a6b;border-left-width:4px;background-color:#eef2f8;padding:1rem 1.25rem\"><div class=\"wp-block-group__inner-container is-layout-flow wp-block-group-is-layout-flow\">\n<p class=\"wp-block-paragraph\"><strong>&Agrave; noter :<\/strong> la date indiqu&eacute;e dans la vid&eacute;o a &eacute;t&eacute; prolong&eacute;e. La nouvelle date limite d&rsquo;envoi est le <strong>vendredi 4 septembre 2026 &agrave; 23 h 59<\/strong>.<\/p>\n<\/div><\/div>\n\n\n\n<figure class=\"wp-block-video\"><video height=\"720\" style=\"aspect-ratio: 1280 \/ 720;\" width=\"1280\" controls preload=\"metadata\" playsinline src=\"https:\/\/unifa-edu.info\/contenu\/wp-content\/uploads\/2026\/08\/Campagne_Talents_UNIFA_web720.mp4\"><\/video><\/figure>\n\n\n\n<p class=\"wp-block-paragraph\">Vous avez un talent que vous souhaitez faire d&eacute;couvrir ? Que vous soyez chanteur, musicien ou instrumentiste, l&rsquo;Universit&eacute; de la Fondation Dr Aristide vous offre l&rsquo;occasion de le mettre en lumi&egrave;re.<\/p>\n\n\n\n<p class=\"wp-block-paragraph\">Les postulants sont invit&eacute;s &agrave; envoyer une <strong>vid&eacute;o d&rsquo;une minute<\/strong> pr&eacute;sentant leur talent, pour une premi&egrave;re s&eacute;lection.<\/p>\n\n\n\n<h2 class=\"wp-block-heading\">Comment participer<\/h2>\n\n\n\n<figure class=\"wp-block-table\"><table><tbody>\n<tr><td><strong>Date limite d&rsquo;envoi<\/strong><\/td><td>Vendredi <strong>4 septembre 2026<\/strong>, &agrave; 23 h 59<\/td><\/tr>\n<tr><td><strong>Adresse d&rsquo;envoi<\/strong><\/td><td><a href=\"mailto:talentunifa@gmail.com\">talentunifa@gmail.com<\/a><\/td><\/tr>\n<tr><td><strong>Renseignements<\/strong><\/td><td><a href=\"tel:+50938793705\">3879-3705<\/a><\/td><\/tr>\n<tr><td><strong>S&eacute;lection finale<\/strong><\/td><td>Lundi <strong>7 septembre 2026<\/strong><\/td><\/tr>\n<\/tbody><\/table><\/figure>\n\n\n\n<p class=\"wp-block-paragraph\">Ne manquez pas cette occasion de faire d&eacute;couvrir votre talent et de contribuer &agrave; faire vibrer et briller l&rsquo;Universit&eacute; de la Fondation Dr Aristide.<\/p>\n\n\n\n<p class=\"wp-block-paragraph\"><strong>L&rsquo;UNIFA vous attend.<\/strong><\/p>\n","protected":false},"excerpt":{"rendered":"<p>Chanteurs, musiciens, instrumentistes : envoyez une vid\u00e9o d&#8217;une minute avant le 4 septembre 2026 \u00e0 23 h 59 et faites d\u00e9couvrir votre talent. <a href=\"https:\/\/unifa-edu.info\/contenu\/2026\/08\/a-la-recherche-de-ses-talents-2026\/\">Continue reading <span class=\"meta-nav\">&rarr;<\/span><\/a><\/p>\n","protected":false},"author":4736,"featured_media":0,"comment_status":"closed","ping_status":"closed","sticky":false,"template":"","format":"standard","meta":{"footnotes":""},"categories":[56,43],"tags":[],"class_list":["post-26428","post","type-post","status-publish","format-standard","hentry","category-actualites-de-lunifa","category-avis"],"yoast_head":"<!-- This site is optimized with the Yoast SEO plugin v28.3 - https:\/\/yoast.com\/product\/yoast-seo-wordpress\/ -->\n<title>L&#039;Universit\u00e9 de la Fondation Dr Aristide \u00e0 la recherche de ses talents - Universit\u00e9 de la Fondation Dr Aristide<\/title>\n<meta name=\"robots\" content=\"index, follow, max-snippet:-1, max-image-preview:large, max-video-preview:-1\" \/>\n<link rel=\"canonical\" href=\"https:\/\/unifa-edu.info\/contenu\/2026\/08\/a-la-recherche-de-ses-talents-2026\/\" \/>\n<meta property=\"og:locale\" content=\"fr_FR\" \/>\n<meta property=\"og:type\" content=\"article\" \/>\n<meta property=\"og:title\" content=\"L&#039;Universit\u00e9 de la Fondation Dr Aristide \u00e0 la recherche de ses talents - Universit\u00e9 de la Fondation Dr Aristide\" \/>\n<meta property=\"og:description\" content=\"Chanteurs, musiciens, instrumentistes : envoyez une vid\u00e9o d&#039;une minute avant le 4 septembre 2026 \u00e0 23 h 59 et faites d\u00e9couvrir votre talent. Continue reading &rarr;\" \/>\n<meta property=\"og:url\" content=\"https:\/\/unifa-edu.info\/contenu\/2026\/08\/a-la-recherche-de-ses-talents-2026\/\" \/>\n<meta property=\"og:site_name\" content=\"Universit\u00e9 de la Fondation Dr Aristide\" \/>\n<meta property=\"article:published_time\" content=\"2026-08-31T15:32:20+00:00\" \/>\n<meta property=\"article:modified_time\" content=\"2026-08-31T15:44:30+00:00\" \/>\n<meta name=\"author\" content=\"Ben-Nael Jean Baptiste\" \/>\n<meta name=\"twitter:card\" content=\"summary_large_image\" \/>\n<meta name=\"twitter:label1\" content=\"\u00c9crit par\" \/>\n\t<meta name=\"twitter:data1\" content=\"Ben-Nael Jean Baptiste\" \/>\n\t<meta name=\"twitter:label2\" content=\"Dur\u00e9e de lecture estim\u00e9e\" \/>\n\t<meta name=\"twitter:data2\" content=\"1 minute\" \/>\n<script type=\"application\/ld+json\" class=\"yoast-schema-graph\">{\"@context\":\"https:\\\/\\\/schema.org\",\"@graph\":[{\"@type\":\"Article\",\"@id\":\"https:\\\/\\\/unifa-edu.info\\\/contenu\\\/2026\\\/08\\\/a-la-recherche-de-ses-talents-2026\\\/#article\",\"isPartOf\":{\"@id\":\"https:\\\/\\\/unifa-edu.info\\\/contenu\\\/2026\\\/08\\\/a-la-recherche-de-ses-talents-2026\\\/\"},\"author\":{\"name\":\"Ben-Nael Jean Baptiste\",\"@id\":\"https:\\\/\\\/unifa-edu.info\\\/contenu\\\/#\\\/schema\\\/person\\\/86ba6a94c7d287b1b5460666e14ca67b\"},\"headline\":\"L&#8217;Universit\u00e9 de la Fondation Dr Aristide \u00e0 la recherche de ses talents\",\"datePublished\":\"2026-08-31T15:32:20+00:00\",\"dateModified\":\"2026-08-31T15:44:30+00:00\",\"mainEntityOfPage\":{\"@id\":\"https:\\\/\\\/unifa-edu.info\\\/contenu\\\/2026\\\/08\\\/a-la-recherche-de-ses-talents-2026\\\/\"},\"wordCount\":171,\"articleSection\":[\"Actualit\u00e9s de l'UNIFA\",\"Annonces et Avis\"],\"inLanguage\":\"fr-FR\"},{\"@type\":\"WebPage\",\"@id\":\"https:\\\/\\\/unifa-edu.info\\\/contenu\\\/2026\\\/08\\\/a-la-recherche-de-ses-talents-2026\\\/\",\"url\":\"https:\\\/\\\/unifa-edu.info\\\/contenu\\\/2026\\\/08\\\/a-la-recherche-de-ses-talents-2026\\\/\",\"name\":\"L'Universit\u00e9 de la Fondation Dr Aristide \u00e0 la recherche de ses talents - Universit\u00e9 de la Fondation Dr Aristide\",\"isPartOf\":{\"@id\":\"https:\\\/\\\/unifa-edu.info\\\/contenu\\\/#website\"},\"datePublished\":\"2026-08-31T15:32:20+00:00\",\"dateModified\":\"2026-08-31T15:44:30+00:00\",\"author\":{\"@id\":\"https:\\\/\\\/unifa-edu.info\\\/contenu\\\/#\\\/schema\\\/person\\\/86ba6a94c7d287b1b5460666e14ca67b\"},\"breadcrumb\":{\"@id\":\"https:\\\/\\\/unifa-edu.info\\\/contenu\\\/2026\\\/08\\\/a-la-recherche-de-ses-talents-2026\\\/#breadcrumb\"},\"inLanguage\":\"fr-FR\",\"potentialAction\":[{\"@type\":\"ReadAction\",\"target\":[\"https:\\\/\\\/unifa-edu.info\\\/contenu\\\/2026\\\/08\\\/a-la-recherche-de-ses-talents-2026\\\/\"]}]},{\"@type\":\"BreadcrumbList\",\"@id\":\"https:\\\/\\\/unifa-edu.info\\\/contenu\\\/2026\\\/08\\\/a-la-recherche-de-ses-talents-2026\\\/#breadcrumb\",\"itemListElement\":[{\"@type\":\"ListItem\",\"position\":1,\"name\":\"Accueil\",\"item\":\"https:\\\/\\\/unifa-edu.info\\\/contenu\\\/\"},{\"@type\":\"ListItem\",\"position\":2,\"name\":\"L&#8217;Universit\u00e9 de la Fondation Dr Aristide \u00e0 la recherche de ses talents\"}]},{\"@type\":\"WebSite\",\"@id\":\"https:\\\/\\\/unifa-edu.info\\\/contenu\\\/#website\",\"url\":\"https:\\\/\\\/unifa-edu.info\\\/contenu\\\/\",\"name\":\"Universit\u00e9 de la Fondation Dr Aristide\",\"description\":\"\",\"potentialAction\":[{\"@type\":\"SearchAction\",\"target\":{\"@type\":\"EntryPoint\",\"urlTemplate\":\"https:\\\/\\\/unifa-edu.info\\\/contenu\\\/?s={search_term_string}\"},\"query-input\":{\"@type\":\"PropertyValueSpecification\",\"valueRequired\":true,\"valueName\":\"search_term_string\"}}],\"inLanguage\":\"fr-FR\"},{\"@type\":\"Person\",\"@id\":\"https:\\\/\\\/unifa-edu.info\\\/contenu\\\/#\\\/schema\\\/person\\\/86ba6a94c7d287b1b5460666e14ca67b\",\"name\":\"Ben-Nael Jean Baptiste\",\"url\":\"https:\\\/\\\/unifa-edu.info\\\/contenu\\\/author\\\/ing-jean-baptiste\\\/\"}]}<\/script>\n<!-- \/ Yoast SEO plugin. -->","yoast_head_json":{"title":"L'Universit\u00e9 de la Fondation Dr Aristide \u00e0 la recherche de ses talents - Universit\u00e9 de la Fondation Dr Aristide","robots":{"index":"index","follow":"follow","max-snippet":"max-snippet:-1","max-image-preview":"max-image-preview:large","max-video-preview":"max-video-preview:-1"},"canonical":"https:\/\/unifa-edu.info\/contenu\/2026\/08\/a-la-recherche-de-ses-talents-2026\/","og_locale":"fr_FR","og_type":"article","og_title":"L'Universit\u00e9 de la Fondation Dr Aristide \u00e0 la recherche de ses talents - Universit\u00e9 de la Fondation Dr Aristide","og_description":"Chanteurs, musiciens, instrumentistes : envoyez une vid\u00e9o d'une minute avant le 4 septembre 2026 \u00e0 23 h 59 et faites d\u00e9couvrir votre talent. Continue reading &rarr;","og_url":"https:\/\/unifa-edu.info\/contenu\/2026\/08\/a-la-recherche-de-ses-talents-2026\/","og_site_name":"Universit\u00e9 de la Fondation Dr Aristide","article_published_time":"2026-08-31T15:32:20+00:00","article_modified_time":"2026-08-31T15:44:30+00:00","author":"Ben-Nael Jean Baptiste","twitter_card":"summary_large_image","twitter_misc":{"\u00c9crit par":"Ben-Nael Jean Baptiste","Dur\u00e9e de lecture estim\u00e9e":"1 minute"},"schema":{"@context":"https:\/\/schema.org","@graph":[{"@type":"Article","@id":"https:\/\/unifa-edu.info\/contenu\/2026\/08\/a-la-recherche-de-ses-talents-2026\/#article","isPartOf":{"@id":"https:\/\/unifa-edu.info\/contenu\/2026\/08\/a-la-recherche-de-ses-talents-2026\/"},"author":{"name":"Ben-Nael Jean Baptiste","@id":"https:\/\/unifa-edu.info\/contenu\/#\/schema\/person\/86ba6a94c7d287b1b5460666e14ca67b"},"headline":"L&#8217;Universit\u00e9 de la Fondation Dr Aristide \u00e0 la recherche de ses talents","datePublished":"2026-08-31T15:32:20+00:00","dateModified":"2026-08-31T15:44:30+00:00","mainEntityOfPage":{"@id":"https:\/\/unifa-edu.info\/contenu\/2026\/08\/a-la-recherche-de-ses-talents-2026\/"},"wordCount":171,"articleSection":["Actualit\u00e9s de l'UNIFA","Annonces et Avis"],"inLanguage":"fr-FR"},{"@type":"WebPage","@id":"https:\/\/unifa-edu.info\/contenu\/2026\/08\/a-la-recherche-de-ses-talents-2026\/","url":"https:\/\/unifa-edu.info\/contenu\/2026\/08\/a-la-recherche-de-ses-talents-2026\/","name":"L'Universit\u00e9 de la Fondation Dr Aristide \u00e0 la recherche de ses talents - Universit\u00e9 de la Fondation Dr Aristide","isPartOf":{"@id":"https:\/\/unifa-edu.info\/contenu\/#website"},"datePublished":"2026-08-31T15:32:20+00:00","dateModified":"2026-08-31T15:44:30+00:00","author":{"@id":"https:\/\/unifa-edu.info\/contenu\/#\/schema\/person\/86ba6a94c7d287b1b5460666e14ca67b"},"breadcrumb":{"@id":"https:\/\/unifa-edu.info\/contenu\/2026\/08\/a-la-recherche-de-ses-talents-2026\/#breadcrumb"},"inLanguage":"fr-FR","potentialAction":[{"@type":"ReadAction","target":["https:\/\/unifa-edu.info\/contenu\/2026\/08\/a-la-recherche-de-ses-talents-2026\/"]}]},{"@type":"BreadcrumbList","@id":"https:\/\/unifa-edu.info\/contenu\/2026\/08\/a-la-recherche-de-ses-talents-2026\/#breadcrumb","itemListElement":[{"@type":"ListItem","position":1,"name":"Accueil","item":"https:\/\/unifa-edu.info\/contenu\/"},{"@type":"ListItem","position":2,"name":"L&#8217;Universit\u00e9 de la Fondation Dr Aristide \u00e0 la recherche de ses talents"}]},{"@type":"WebSite","@id":"https:\/\/unifa-edu.info\/contenu\/#website","url":"https:\/\/unifa-edu.info\/contenu\/","name":"Universit\u00e9 de la Fondation Dr Aristide","description":"","potentialAction":[{"@type":"SearchAction","target":{"@type":"EntryPoint","urlTemplate":"https:\/\/unifa-edu.info\/contenu\/?s={search_term_string}"},"query-input":{"@type":"PropertyValueSpecification","valueRequired":true,"valueName":"search_term_string"}}],"inLanguage":"fr-FR"},{"@type":"Person","@id":"https:\/\/unifa-edu.info\/contenu\/#\/schema\/person\/86ba6a94c7d287b1b5460666e14ca67b","name":"Ben-Nael Jean Baptiste","url":"https:\/\/unifa-edu.info\/contenu\/author\/ing-jean-baptiste\/"}]}},"_links":{"self":[{"href":"https:\/\/unifa-edu.info\/contenu\/wp-json\/wp\/v2\/posts\/26428","targetHints":{"allow":["GET"]}}],"collection":[{"href":"https:\/\/unifa-edu.info\/contenu\/wp-json\/wp\/v2\/posts"}],"about":[{"href":"https:\/\/unifa-edu.info\/contenu\/wp-json\/wp\/v2\/types\/post"}],"author":[{"embeddable":true,"href":"https:\/\/unifa-edu.info\/contenu\/wp-json\/wp\/v2\/users\/4736"}],"replies":[{"embeddable":true,"href":"https:\/\/unifa-edu.info\/contenu\/wp-json\/wp\/v2\/comments?post=26428"}],"version-history":[{"count":1,"href":"https:\/\/unifa-edu.info\/contenu\/wp-json\/wp\/v2\/posts\/26428\/revisions"}],"predecessor-version":[{"id":26429,"href":"https:\/\/unifa-edu.info\/contenu\/wp-json\/wp\/v2\/posts\/26428\/revisions\/26429"}],"wp:attachment":[{"href":"https:\/\/unifa-edu.info\/contenu\/wp-json\/wp\/v2\/media?parent=26428"}],"wp:term":[{"taxonomy":"category","embeddable":true,"href":"https:\/\/unifa-edu.info\/contenu\/wp-json\/wp\/v2\/categories?post=26428"},{"taxonomy":"post_tag","embeddable":true,"href":"https:\/\/unifa-edu.info\/contenu\/wp-json\/wp\/v2\/tags?post=26428"}],"curies":[{"name":"wp","href":"https:\/\/api.w.org\/{rel}","templated":true}]}}