{"id":902,"date":"2019-08-10T23:01:27","date_gmt":"2019-08-11T03:01:27","guid":{"rendered":"https:\/\/unifa-edu.info\/contenu\/?p=902"},"modified":"2023-06-17T22:16:40","modified_gmt":"2023-06-18T02:16:40","slug":"note-de-deces","status":"publish","type":"post","link":"https:\/\/unifa-edu.info\/contenu\/2019\/08\/note-de-deces\/","title":{"rendered":"Avis de d\u00e9c\u00e8s de Me Roger Petit-Fr\u00e8re"},"content":{"rendered":"<p style=\"text-align: right;\"><em>Tabarre, le 8 Ao\u00fbt 2019<\/em><\/p>\n<p style=\"text-align: center;\"><strong>AVIS DE D\u00c9C\u00c8S<\/strong><\/p>\n<p style=\"text-align: justify;\"><img fetchpriority=\"high\" decoding=\"async\" class=\"alignleft wp-image-908 size-full\" src=\"https:\/\/unifa-edu.info\/contenu\/wp-content\/uploads\/2019\/08\/RogerPetit-frere.jpg\" alt=\"\" width=\"275\" height=\"183\" srcset=\"https:\/\/unifa-edu.info\/contenu\/wp-content\/uploads\/2019\/08\/RogerPetit-frere.jpg 275w, https:\/\/unifa-edu.info\/contenu\/wp-content\/uploads\/2019\/08\/RogerPetit-frere-75x50.jpg 75w\" sizes=\"(max-width: 275px) 100vw, 275px\" \/>C\u2019est avec beaucoup de peine et d\u2019\u00e9motion que le Conseil d\u2019Administration de l\u2019Universit\u00e9 se joint au Rectorat et au D\u00e9canat de la Facult\u00e9 des Sciences Juridiques et Politiques pour annoncer le d\u00e9c\u00e8s de Me Roger Petit-Fr\u00e8re, Professeur \u00e0 ladite Facult\u00e9.<\/p>\n<p><!--more--><\/p>\n<p style=\"text-align: justify;\">A la famille \u00e9plor\u00e9e, le Conseil d\u2019Administration, le Rectorat, le Corps Professoral dans son int\u00e9gralit\u00e9 et particuli\u00e8rement le D\u00e9canat de la Facult\u00e9 des Sciences Juridiques et Politiques, pr\u00e9sentent leurs sinc\u00e8res condol\u00e9ances.<\/p>\n","protected":false},"excerpt":{"rendered":"<p>Tabarre, le 8 Ao\u00fbt 2019 AVIS DE D\u00c9C\u00c8S C\u2019est avec beaucoup de peine et d\u2019\u00e9motion que le Conseil d\u2019Administration de l\u2019Universit\u00e9 se joint au Rectorat et au D\u00e9canat de la Facult\u00e9 des Sciences Juridiques et Politiques pour annoncer le d\u00e9c\u00e8s de Me Roger Petit-Fr\u00e8re, Professeur \u00e0 ladite Facult\u00e9.<\/p>\n","protected":false},"author":3831,"featured_media":908,"comment_status":"closed","ping_status":"closed","sticky":false,"template":"","format":"standard","meta":{"footnotes":""},"categories":[43,44],"tags":[],"class_list":["post-902","post","type-post","status-publish","format-standard","has-post-thumbnail","hentry","category-avis","category-necrologie"],"yoast_head":"<!-- This site is optimized with the Yoast SEO plugin v27.5 - https:\/\/yoast.com\/product\/yoast-seo-wordpress\/ -->\n<title>Avis de d\u00e9c\u00e8s de Me Roger Petit-Fr\u00e8re - Universit\u00e9 de la Fondation Dr Aristide<\/title>\n<meta name=\"robots\" content=\"index, follow, max-snippet:-1, max-image-preview:large, max-video-preview:-1\" \/>\n<link rel=\"canonical\" href=\"https:\/\/unifa-edu.info\/contenu\/2019\/08\/note-de-deces\/\" \/>\n<meta property=\"og:locale\" content=\"fr_FR\" \/>\n<meta property=\"og:type\" content=\"article\" \/>\n<meta property=\"og:title\" content=\"Avis de d\u00e9c\u00e8s de Me Roger Petit-Fr\u00e8re - Universit\u00e9 de la Fondation Dr Aristide\" \/>\n<meta property=\"og:description\" content=\"Tabarre, le 8 Ao\u00fbt 2019 AVIS DE D\u00c9C\u00c8S C\u2019est avec beaucoup de peine et d\u2019\u00e9motion que le Conseil d\u2019Administration de l\u2019Universit\u00e9 se joint au Rectorat et au D\u00e9canat de la Facult\u00e9 des Sciences Juridiques et Politiques pour annoncer le d\u00e9c\u00e8s de Me Roger Petit-Fr\u00e8re, Professeur \u00e0 ladite Facult\u00e9.\" \/>\n<meta property=\"og:url\" content=\"https:\/\/unifa-edu.info\/contenu\/2019\/08\/note-de-deces\/\" \/>\n<meta property=\"og:site_name\" content=\"Universit\u00e9 de la Fondation Dr Aristide\" \/>\n<meta property=\"article:published_time\" content=\"2019-08-11T03:01:27+00:00\" \/>\n<meta property=\"article:modified_time\" content=\"2023-06-18T02:16:40+00:00\" \/>\n<meta property=\"og:image\" content=\"https:\/\/unifa-edu.info\/contenu\/wp-content\/uploads\/2019\/08\/RogerPetit-frere.jpg\" \/>\n\t<meta property=\"og:image:width\" content=\"275\" \/>\n\t<meta property=\"og:image:height\" content=\"183\" \/>\n\t<meta property=\"og:image:type\" content=\"image\/jpeg\" \/>\n<meta name=\"author\" content=\"Rony BIEN AIME\" \/>\n<meta name=\"twitter:card\" content=\"summary_large_image\" \/>\n<meta name=\"twitter:label1\" content=\"\u00c9crit par\" \/>\n\t<meta name=\"twitter:data1\" content=\"Rony BIEN AIME\" \/>\n\t<meta name=\"twitter:label2\" content=\"Dur\u00e9e de lecture estim\u00e9e\" \/>\n\t<meta name=\"twitter:data2\" content=\"1 minute\" \/>\n<script type=\"application\/ld+json\" class=\"yoast-schema-graph\">{\"@context\":\"https:\\\/\\\/schema.org\",\"@graph\":[{\"@type\":\"Article\",\"@id\":\"https:\\\/\\\/unifa-edu.info\\\/contenu\\\/2019\\\/08\\\/note-de-deces\\\/#article\",\"isPartOf\":{\"@id\":\"https:\\\/\\\/unifa-edu.info\\\/contenu\\\/2019\\\/08\\\/note-de-deces\\\/\"},\"author\":{\"name\":\"Rony BIEN AIME\",\"@id\":\"https:\\\/\\\/unifa-edu.info\\\/contenu\\\/#\\\/schema\\\/person\\\/2a4e92dd986cd3c40b8af109797591c3\"},\"headline\":\"Avis de d\u00e9c\u00e8s de Me Roger Petit-Fr\u00e8re\",\"datePublished\":\"2019-08-11T03:01:27+00:00\",\"dateModified\":\"2023-06-18T02:16:40+00:00\",\"mainEntityOfPage\":{\"@id\":\"https:\\\/\\\/unifa-edu.info\\\/contenu\\\/2019\\\/08\\\/note-de-deces\\\/\"},\"wordCount\":105,\"image\":{\"@id\":\"https:\\\/\\\/unifa-edu.info\\\/contenu\\\/2019\\\/08\\\/note-de-deces\\\/#primaryimage\"},\"thumbnailUrl\":\"https:\\\/\\\/unifa-edu.info\\\/contenu\\\/wp-content\\\/uploads\\\/2019\\\/08\\\/RogerPetit-frere.jpg\",\"articleSection\":[\"Annonces et Avis\",\"N\u00e9crologie\"],\"inLanguage\":\"fr-FR\"},{\"@type\":\"WebPage\",\"@id\":\"https:\\\/\\\/unifa-edu.info\\\/contenu\\\/2019\\\/08\\\/note-de-deces\\\/\",\"url\":\"https:\\\/\\\/unifa-edu.info\\\/contenu\\\/2019\\\/08\\\/note-de-deces\\\/\",\"name\":\"Avis de d\u00e9c\u00e8s de Me Roger Petit-Fr\u00e8re - Universit\u00e9 de la Fondation Dr Aristide\",\"isPartOf\":{\"@id\":\"https:\\\/\\\/unifa-edu.info\\\/contenu\\\/#website\"},\"primaryImageOfPage\":{\"@id\":\"https:\\\/\\\/unifa-edu.info\\\/contenu\\\/2019\\\/08\\\/note-de-deces\\\/#primaryimage\"},\"image\":{\"@id\":\"https:\\\/\\\/unifa-edu.info\\\/contenu\\\/2019\\\/08\\\/note-de-deces\\\/#primaryimage\"},\"thumbnailUrl\":\"https:\\\/\\\/unifa-edu.info\\\/contenu\\\/wp-content\\\/uploads\\\/2019\\\/08\\\/RogerPetit-frere.jpg\",\"datePublished\":\"2019-08-11T03:01:27+00:00\",\"dateModified\":\"2023-06-18T02:16:40+00:00\",\"author\":{\"@id\":\"https:\\\/\\\/unifa-edu.info\\\/contenu\\\/#\\\/schema\\\/person\\\/2a4e92dd986cd3c40b8af109797591c3\"},\"breadcrumb\":{\"@id\":\"https:\\\/\\\/unifa-edu.info\\\/contenu\\\/2019\\\/08\\\/note-de-deces\\\/#breadcrumb\"},\"inLanguage\":\"fr-FR\",\"potentialAction\":[{\"@type\":\"ReadAction\",\"target\":[\"https:\\\/\\\/unifa-edu.info\\\/contenu\\\/2019\\\/08\\\/note-de-deces\\\/\"]}]},{\"@type\":\"ImageObject\",\"inLanguage\":\"fr-FR\",\"@id\":\"https:\\\/\\\/unifa-edu.info\\\/contenu\\\/2019\\\/08\\\/note-de-deces\\\/#primaryimage\",\"url\":\"https:\\\/\\\/unifa-edu.info\\\/contenu\\\/wp-content\\\/uploads\\\/2019\\\/08\\\/RogerPetit-frere.jpg\",\"contentUrl\":\"https:\\\/\\\/unifa-edu.info\\\/contenu\\\/wp-content\\\/uploads\\\/2019\\\/08\\\/RogerPetit-frere.jpg\",\"width\":275,\"height\":183},{\"@type\":\"BreadcrumbList\",\"@id\":\"https:\\\/\\\/unifa-edu.info\\\/contenu\\\/2019\\\/08\\\/note-de-deces\\\/#breadcrumb\",\"itemListElement\":[{\"@type\":\"ListItem\",\"position\":1,\"name\":\"Accueil\",\"item\":\"https:\\\/\\\/unifa-edu.info\\\/contenu\\\/\"},{\"@type\":\"ListItem\",\"position\":2,\"name\":\"Avis de d\u00e9c\u00e8s de Me Roger Petit-Fr\u00e8re\"}]},{\"@type\":\"WebSite\",\"@id\":\"https:\\\/\\\/unifa-edu.info\\\/contenu\\\/#website\",\"url\":\"https:\\\/\\\/unifa-edu.info\\\/contenu\\\/\",\"name\":\"Universit\u00e9 de la Fondation Dr Aristide\",\"description\":\"\",\"potentialAction\":[{\"@type\":\"SearchAction\",\"target\":{\"@type\":\"EntryPoint\",\"urlTemplate\":\"https:\\\/\\\/unifa-edu.info\\\/contenu\\\/?s={search_term_string}\"},\"query-input\":{\"@type\":\"PropertyValueSpecification\",\"valueRequired\":true,\"valueName\":\"search_term_string\"}}],\"inLanguage\":\"fr-FR\"},{\"@type\":\"Person\",\"@id\":\"https:\\\/\\\/unifa-edu.info\\\/contenu\\\/#\\\/schema\\\/person\\\/2a4e92dd986cd3c40b8af109797591c3\",\"name\":\"Rony BIEN AIME\",\"url\":\"https:\\\/\\\/unifa-edu.info\\\/contenu\\\/author\\\/rbienaime\\\/\"}]}<\/script>\n<!-- \/ Yoast SEO plugin. -->","yoast_head_json":{"title":"Avis de d\u00e9c\u00e8s de Me Roger Petit-Fr\u00e8re - Universit\u00e9 de la Fondation Dr Aristide","robots":{"index":"index","follow":"follow","max-snippet":"max-snippet:-1","max-image-preview":"max-image-preview:large","max-video-preview":"max-video-preview:-1"},"canonical":"https:\/\/unifa-edu.info\/contenu\/2019\/08\/note-de-deces\/","og_locale":"fr_FR","og_type":"article","og_title":"Avis de d\u00e9c\u00e8s de Me Roger Petit-Fr\u00e8re - Universit\u00e9 de la Fondation Dr Aristide","og_description":"Tabarre, le 8 Ao\u00fbt 2019 AVIS DE D\u00c9C\u00c8S C\u2019est avec beaucoup de peine et d\u2019\u00e9motion que le Conseil d\u2019Administration de l\u2019Universit\u00e9 se joint au Rectorat et au D\u00e9canat de la Facult\u00e9 des Sciences Juridiques et Politiques pour annoncer le d\u00e9c\u00e8s de Me Roger Petit-Fr\u00e8re, Professeur \u00e0 ladite Facult\u00e9.","og_url":"https:\/\/unifa-edu.info\/contenu\/2019\/08\/note-de-deces\/","og_site_name":"Universit\u00e9 de la Fondation Dr Aristide","article_published_time":"2019-08-11T03:01:27+00:00","article_modified_time":"2023-06-18T02:16:40+00:00","og_image":[{"width":275,"height":183,"url":"https:\/\/unifa-edu.info\/contenu\/wp-content\/uploads\/2019\/08\/RogerPetit-frere.jpg","type":"image\/jpeg"}],"author":"Rony BIEN AIME","twitter_card":"summary_large_image","twitter_misc":{"\u00c9crit par":"Rony BIEN AIME","Dur\u00e9e de lecture estim\u00e9e":"1 minute"},"schema":{"@context":"https:\/\/schema.org","@graph":[{"@type":"Article","@id":"https:\/\/unifa-edu.info\/contenu\/2019\/08\/note-de-deces\/#article","isPartOf":{"@id":"https:\/\/unifa-edu.info\/contenu\/2019\/08\/note-de-deces\/"},"author":{"name":"Rony BIEN AIME","@id":"https:\/\/unifa-edu.info\/contenu\/#\/schema\/person\/2a4e92dd986cd3c40b8af109797591c3"},"headline":"Avis de d\u00e9c\u00e8s de Me Roger Petit-Fr\u00e8re","datePublished":"2019-08-11T03:01:27+00:00","dateModified":"2023-06-18T02:16:40+00:00","mainEntityOfPage":{"@id":"https:\/\/unifa-edu.info\/contenu\/2019\/08\/note-de-deces\/"},"wordCount":105,"image":{"@id":"https:\/\/unifa-edu.info\/contenu\/2019\/08\/note-de-deces\/#primaryimage"},"thumbnailUrl":"https:\/\/unifa-edu.info\/contenu\/wp-content\/uploads\/2019\/08\/RogerPetit-frere.jpg","articleSection":["Annonces et Avis","N\u00e9crologie"],"inLanguage":"fr-FR"},{"@type":"WebPage","@id":"https:\/\/unifa-edu.info\/contenu\/2019\/08\/note-de-deces\/","url":"https:\/\/unifa-edu.info\/contenu\/2019\/08\/note-de-deces\/","name":"Avis de d\u00e9c\u00e8s de Me Roger Petit-Fr\u00e8re - Universit\u00e9 de la Fondation Dr Aristide","isPartOf":{"@id":"https:\/\/unifa-edu.info\/contenu\/#website"},"primaryImageOfPage":{"@id":"https:\/\/unifa-edu.info\/contenu\/2019\/08\/note-de-deces\/#primaryimage"},"image":{"@id":"https:\/\/unifa-edu.info\/contenu\/2019\/08\/note-de-deces\/#primaryimage"},"thumbnailUrl":"https:\/\/unifa-edu.info\/contenu\/wp-content\/uploads\/2019\/08\/RogerPetit-frere.jpg","datePublished":"2019-08-11T03:01:27+00:00","dateModified":"2023-06-18T02:16:40+00:00","author":{"@id":"https:\/\/unifa-edu.info\/contenu\/#\/schema\/person\/2a4e92dd986cd3c40b8af109797591c3"},"breadcrumb":{"@id":"https:\/\/unifa-edu.info\/contenu\/2019\/08\/note-de-deces\/#breadcrumb"},"inLanguage":"fr-FR","potentialAction":[{"@type":"ReadAction","target":["https:\/\/unifa-edu.info\/contenu\/2019\/08\/note-de-deces\/"]}]},{"@type":"ImageObject","inLanguage":"fr-FR","@id":"https:\/\/unifa-edu.info\/contenu\/2019\/08\/note-de-deces\/#primaryimage","url":"https:\/\/unifa-edu.info\/contenu\/wp-content\/uploads\/2019\/08\/RogerPetit-frere.jpg","contentUrl":"https:\/\/unifa-edu.info\/contenu\/wp-content\/uploads\/2019\/08\/RogerPetit-frere.jpg","width":275,"height":183},{"@type":"BreadcrumbList","@id":"https:\/\/unifa-edu.info\/contenu\/2019\/08\/note-de-deces\/#breadcrumb","itemListElement":[{"@type":"ListItem","position":1,"name":"Accueil","item":"https:\/\/unifa-edu.info\/contenu\/"},{"@type":"ListItem","position":2,"name":"Avis de d\u00e9c\u00e8s de Me Roger Petit-Fr\u00e8re"}]},{"@type":"WebSite","@id":"https:\/\/unifa-edu.info\/contenu\/#website","url":"https:\/\/unifa-edu.info\/contenu\/","name":"Universit\u00e9 de la Fondation Dr Aristide","description":"","potentialAction":[{"@type":"SearchAction","target":{"@type":"EntryPoint","urlTemplate":"https:\/\/unifa-edu.info\/contenu\/?s={search_term_string}"},"query-input":{"@type":"PropertyValueSpecification","valueRequired":true,"valueName":"search_term_string"}}],"inLanguage":"fr-FR"},{"@type":"Person","@id":"https:\/\/unifa-edu.info\/contenu\/#\/schema\/person\/2a4e92dd986cd3c40b8af109797591c3","name":"Rony BIEN AIME","url":"https:\/\/unifa-edu.info\/contenu\/author\/rbienaime\/"}]}},"_links":{"self":[{"href":"https:\/\/unifa-edu.info\/contenu\/wp-json\/wp\/v2\/posts\/902","targetHints":{"allow":["GET"]}}],"collection":[{"href":"https:\/\/unifa-edu.info\/contenu\/wp-json\/wp\/v2\/posts"}],"about":[{"href":"https:\/\/unifa-edu.info\/contenu\/wp-json\/wp\/v2\/types\/post"}],"author":[{"embeddable":true,"href":"https:\/\/unifa-edu.info\/contenu\/wp-json\/wp\/v2\/users\/3831"}],"replies":[{"embeddable":true,"href":"https:\/\/unifa-edu.info\/contenu\/wp-json\/wp\/v2\/comments?post=902"}],"version-history":[{"count":11,"href":"https:\/\/unifa-edu.info\/contenu\/wp-json\/wp\/v2\/posts\/902\/revisions"}],"predecessor-version":[{"id":19212,"href":"https:\/\/unifa-edu.info\/contenu\/wp-json\/wp\/v2\/posts\/902\/revisions\/19212"}],"wp:featuredmedia":[{"embeddable":true,"href":"https:\/\/unifa-edu.info\/contenu\/wp-json\/wp\/v2\/media\/908"}],"wp:attachment":[{"href":"https:\/\/unifa-edu.info\/contenu\/wp-json\/wp\/v2\/media?parent=902"}],"wp:term":[{"taxonomy":"category","embeddable":true,"href":"https:\/\/unifa-edu.info\/contenu\/wp-json\/wp\/v2\/categories?post=902"},{"taxonomy":"post_tag","embeddable":true,"href":"https:\/\/unifa-edu.info\/contenu\/wp-json\/wp\/v2\/tags?post=902"}],"curies":[{"name":"wp","href":"https:\/\/api.w.org\/{rel}","templated":true}]}}